{"id":2038,"date":"2022-12-14T13:21:36","date_gmt":"2022-12-14T12:21:36","guid":{"rendered":"https:\/\/agora.xtec.cat\/esc-lasiniamolins\/?p=2038"},"modified":"2022-12-14T13:21:36","modified_gmt":"2022-12-14T12:21:36","slug":"tret-de-sortida-de-la-setmana-tematica","status":"publish","type":"post","link":"https:\/\/agora.xtec.cat\/esc-lasiniamolins\/general\/tret-de-sortida-de-la-setmana-tematica\/","title":{"rendered":"Tret de sortida de la Setmana Tem\u00e0tica"},"content":{"rendered":"<p><span style=\"font-weight: 400;\"><a href=\"https:\/\/agora.xtec.cat\/esc-lasiniamolins\/wp-content\/uploads\/usu2018\/2022\/12\/laberint2.jpg\"><img loading=\"lazy\" decoding=\"async\" class=\"aligncenter wp-image-2042 size-full\" src=\"https:\/\/agora.xtec.cat\/esc-lasiniamolins\/wp-content\/uploads\/usu2018\/2022\/12\/laberint2.jpg\" alt=\"\" width=\"605\" height=\"454\" srcset=\"https:\/\/agora.xtec.cat\/esc-lasiniamolins\/wp-content\/uploads\/usu2018\/2022\/12\/laberint2.jpg 605w, https:\/\/agora.xtec.cat\/esc-lasiniamolins\/wp-content\/uploads\/usu2018\/2022\/12\/laberint2-300x225.jpg 300w, https:\/\/agora.xtec.cat\/esc-lasiniamolins\/wp-content\/uploads\/usu2018\/2022\/12\/laberint2-200x150.jpg 200w\" sizes=\"auto, (max-width: 605px) 100vw, 605px\" \/><\/a><\/span><\/p>\n<p><span style=\"font-weight: 400;\">El passat dimecres 7 de desembre els infants de l\u2019escola vam passar el dia al Parc de Torreblanca. All\u00e0 va comen\u00e7ar la SETMANA TEM\u00c0TICA, ja que vam fer el tret de sortida.<\/span><\/p>\n<p><span style=\"font-weight: 400;\">Quan vam arribar, despr\u00e9s d\u2019esmorzar, els diferents cursos vam realitzar una gimcana pel parc. Ten\u00edem un objectiu clar: ajudar a la Tona! No la coneix\u00edem ni sab\u00edem qu\u00e8 volia, per\u00f2 vam anar seguint diferents pistes i indicacions que trob\u00e0vem pel parc fins a arribar al laberint. Ella era all\u00e0, asseguda, pintant i amb el seu gorro posat.<\/span><\/p>\n<p><span style=\"font-weight: 400;\">Vam parlar amb ella i ens va explicar qu\u00e8 li passa\u2026 est\u00e0 feta un embolic! La seva mestra li ha fet un enc\u00e0rrec i est\u00e0 perduda. Els nens i nenes, quan ho van saber, li van proposar que vingu\u00e9s a l\u2019escola aquest divendres. Estan conven\u00e7uts que la poden ajudar i la poden guiar cap a la resposta que necessita.<\/span><\/p>\n<p><span style=\"font-weight: 400;\">Aix\u00ed doncs, divendres a l\u2019espectacle, la Tona vindr\u00e0 i descobrirem si, gr\u00e0cies a les actuacions de tots els nens i nenes de l\u2019escola l\u2019ajudarem a donar resposta al seu gran maldecap.<\/span><\/p>\n<p>Us enllacem <a href=\"https:\/\/photos.app.goo.gl\/KfnMG3KdGn45txuq5\">la carpeta amb fotografies<\/a>.<\/p>\n","protected":false},"excerpt":{"rendered":"<p><a href=\"https:\/\/agora.xtec.cat\/esc-lasiniamolins\/wp-content\/uploads\/usu2018\/2022\/12\/laberint2.jpg\"><\/a><br \/>\nEl passat dimecres 7 de desembre els infants de l\u2019escola vam passar el dia al Parc de Torreblanca. All\u00e0 va comen\u00e7ar la SETMANA TEM\u00c0TICA, ja que vam fer el tret de sortida.<br \/>\nQuan vam arribar, despr\u00e9s d\u2019esmorzar, els diferents cursos vam realitzar una gimcana pel&hellip;  <a href=\"https:\/\/agora.xtec.cat\/esc-lasiniamolins\/general\/tret-de-sortida-de-la-setmana-tematica\/\" title=\"Read Tret de sortida de la Setmana Tem\u00e0tica\">Llegeix m\u00e9s\u00bb<\/a><\/p>\n","protected":false},"author":8,"featured_media":0,"comment_status":"open","ping_status":"closed","sticky":false,"template":"","format":"standard","meta":{"_bbp_topic_count":0,"_bbp_reply_count":0,"_bbp_total_topic_count":0,"_bbp_total_reply_count":0,"_bbp_voice_count":0,"_bbp_anonymous_reply_count":0,"_bbp_topic_count_hidden":0,"_bbp_reply_count_hidden":0,"_bbp_forum_subforum_count":0,"footnotes":""},"categories":[10,11,12,13,14,15,209,208,3,8,9,207,4,1],"tags":[169],"class_list":["post-2038","post","type-post","status-publish","format-standard","hentry","category-1r","category-2n","category-3r","category-4t","category-5e","category-6e","category-grans","category-mitjans","category-p3","category-p4","category-p5","category-petits","category-portada","category-general","tag-setmana-tematica"],"post_mailing_queue_ids":[],"_links":{"self":[{"href":"https:\/\/agora.xtec.cat\/esc-lasiniamolins\/wp-json\/wp\/v2\/posts\/2038","targetHints":{"allow":["GET"]}}],"collection":[{"href":"https:\/\/agora.xtec.cat\/esc-lasiniamolins\/wp-json\/wp\/v2\/posts"}],"about":[{"href":"https:\/\/agora.xtec.cat\/esc-lasiniamolins\/wp-json\/wp\/v2\/types\/post"}],"author":[{"embeddable":true,"href":"https:\/\/agora.xtec.cat\/esc-lasiniamolins\/wp-json\/wp\/v2\/users\/8"}],"replies":[{"embeddable":true,"href":"https:\/\/agora.xtec.cat\/esc-lasiniamolins\/wp-json\/wp\/v2\/comments?post=2038"}],"version-history":[{"count":3,"href":"https:\/\/agora.xtec.cat\/esc-lasiniamolins\/wp-json\/wp\/v2\/posts\/2038\/revisions"}],"predecessor-version":[{"id":2047,"href":"https:\/\/agora.xtec.cat\/esc-lasiniamolins\/wp-json\/wp\/v2\/posts\/2038\/revisions\/2047"}],"wp:attachment":[{"href":"https:\/\/agora.xtec.cat\/esc-lasiniamolins\/wp-json\/wp\/v2\/media?parent=2038"}],"wp:term":[{"taxonomy":"category","embeddable":true,"href":"https:\/\/agora.xtec.cat\/esc-lasiniamolins\/wp-json\/wp\/v2\/categories?post=2038"},{"taxonomy":"post_tag","embeddable":true,"href":"https:\/\/agora.xtec.cat\/esc-lasiniamolins\/wp-json\/wp\/v2\/tags?post=2038"}],"curies":[{"name":"wp","href":"https:\/\/api.w.org\/{rel}","templated":true}]}}