{"id":2028,"date":"2022-12-11T12:08:31","date_gmt":"2022-12-11T11:08:31","guid":{"rendered":"https:\/\/agora.xtec.cat\/esc-lasiniamolins\/?p=2028"},"modified":"2022-12-11T12:08:31","modified_gmt":"2022-12-11T11:08:31","slug":"psicomotricitat-3","status":"publish","type":"post","link":"https:\/\/agora.xtec.cat\/esc-lasiniamolins\/general\/petits\/p3\/psicomotricitat-3\/","title":{"rendered":"PSICOMOTRICITAT"},"content":{"rendered":"<p><span style=\"font-weight: 400;\">L\u2019objectiu general de la Psicomotricitat Aucouturier, \u00e9s el seu desenvolupament harm\u00f2nic i global, a partir de l\u2019expressivitat motriu, el joc i la representaci\u00f3. Amb aquesta, es posa en pr\u00e0ctica la maduraci\u00f3 psicol\u00f2gica i emocional de l\u2019infant mitjan\u00e7ant el seu cos i el seu moviment en un espai controlat i apte a les seves necessitats.<\/span><\/p>\n<p><span style=\"font-weight: 400;\">El joc i el moviment s\u00f3n eines vitals per als infants, els alimenta i \u00e9s en aquest moment on l\u2019infant t\u00e9 pres\u00e8ncia plena. La Psicomotricitat dona la possibilitat a l&#8217;infant de tenir un espai i un temps per a reprendre l&#8217;experimentaci\u00f3 amb el seu cos, el contacte amb les seves emocions, el desenvolupament d&#8217;un joc no dirigit externament o no necess\u00e0riament reglat.<\/span><\/p>\n<p><span style=\"font-weight: 400;\">Com deia <\/span><b><i>Jean Piaget:<\/i><\/b><\/p>\n<p><b><i>\u201cEls nens i nenes no juguen per aprendre, per\u00f2 aprenen perqu\u00e8 juguen&#8221;<\/i><\/b><\/p>\n<p><span style=\"font-weight: 400;\">Durant aquest curs els petits de l\u2019escola gaudiran descobrim les possibilitats que li ofereix la sala de Psicomotricitat. All\u00e0 podem saltar, grimpar, compartir, fer de\u2026, construir, provar reptes, gestionar emocions\u2026 i a continuaci\u00f3 us volem compartir un tastet d\u2019aquestes estones\u2026<\/span><\/p>\n<p><a href=\"https:\/\/photos.app.goo.gl\/CBmf1iC4G6iCG3iE9\"><img loading=\"lazy\" decoding=\"async\" class=\"alignnone size-large\" src=\"https:\/\/lh3.googleusercontent.com\/pw\/AL9nZEVRUzU1LGKAaVzF5G-FajUIKMUo0CG80bxhwWFYnFePR6_nVGBlLz8F-gBaPeQajC8rtQe6cO0XKkI0IPKYPyuPt64la96wQaEmgRkPxatlAnSTSRjt05aIfL-Zzv0eT8E5kQUJN2nDFOf-ZL-T_E2B=w1218-h914-no?authuser=0\" width=\"1218\" height=\"914\" \/><\/a><\/p>\n<p><a href=\"https:\/\/photos.app.goo.gl\/yEQHD2RdgxBpBMwj9\"><img loading=\"lazy\" decoding=\"async\" class=\"alignnone size-large\" src=\"https:\/\/lh3.googleusercontent.com\/pw\/AL9nZEVrEoZ_jRSrird6ao16aUUL5oLcmIyXeuQilOcGoYhWS4vZgZLHV5VLGOAMNolTgBfcp5-Ml8xZbyZ86jdiVfgaWeC1lv6BU_T-7PQcTJEHGXVIWqfsI6ScaBYJzBJAEt2iY--9mi_u3hJ_QWCSgisp=w1218-h914-no?authuser=0\" width=\"1218\" height=\"914\" \/><\/a><\/p>\n","protected":false},"excerpt":{"rendered":"<p>L\u2019objectiu general de la Psicomotricitat Aucouturier, \u00e9s el seu desenvolupament harm\u00f2nic i global, a partir de l\u2019expressivitat motriu, el joc i la representaci\u00f3. Amb aquesta, es posa en pr\u00e0ctica la maduraci\u00f3 psicol\u00f2gica i emocional de l\u2019infant mitjan\u00e7ant el seu cos i el seu moviment en&hellip;  <a href=\"https:\/\/agora.xtec.cat\/esc-lasiniamolins\/general\/petits\/p3\/psicomotricitat-3\/\" title=\"Read PSICOMOTRICITAT\">Llegeix m\u00e9s\u00bb<\/a><\/p>\n","protected":false},"author":1,"featured_media":0,"comment_status":"open","ping_status":"closed","sticky":false,"template":"","format":"standard","meta":{"_bbp_topic_count":0,"_bbp_reply_count":0,"_bbp_total_topic_count":0,"_bbp_total_reply_count":0,"_bbp_voice_count":0,"_bbp_anonymous_reply_count":0,"_bbp_topic_count_hidden":0,"_bbp_reply_count_hidden":0,"_bbp_forum_subforum_count":0,"footnotes":""},"categories":[3,207,4],"tags":[202,275,276],"class_list":["post-2028","post","type-post","status-publish","format-standard","hentry","category-p3","category-petits","category-portada","tag-curs-22-23","tag-psico22-23","tag-verd-i-taronges"],"post_mailing_queue_ids":[],"_links":{"self":[{"href":"https:\/\/agora.xtec.cat\/esc-lasiniamolins\/wp-json\/wp\/v2\/posts\/2028","targetHints":{"allow":["GET"]}}],"collection":[{"href":"https:\/\/agora.xtec.cat\/esc-lasiniamolins\/wp-json\/wp\/v2\/posts"}],"about":[{"href":"https:\/\/agora.xtec.cat\/esc-lasiniamolins\/wp-json\/wp\/v2\/types\/post"}],"author":[{"embeddable":true,"href":"https:\/\/agora.xtec.cat\/esc-lasiniamolins\/wp-json\/wp\/v2\/users\/1"}],"replies":[{"embeddable":true,"href":"https:\/\/agora.xtec.cat\/esc-lasiniamolins\/wp-json\/wp\/v2\/comments?post=2028"}],"version-history":[{"count":1,"href":"https:\/\/agora.xtec.cat\/esc-lasiniamolins\/wp-json\/wp\/v2\/posts\/2028\/revisions"}],"predecessor-version":[{"id":2029,"href":"https:\/\/agora.xtec.cat\/esc-lasiniamolins\/wp-json\/wp\/v2\/posts\/2028\/revisions\/2029"}],"wp:attachment":[{"href":"https:\/\/agora.xtec.cat\/esc-lasiniamolins\/wp-json\/wp\/v2\/media?parent=2028"}],"wp:term":[{"taxonomy":"category","embeddable":true,"href":"https:\/\/agora.xtec.cat\/esc-lasiniamolins\/wp-json\/wp\/v2\/categories?post=2028"},{"taxonomy":"post_tag","embeddable":true,"href":"https:\/\/agora.xtec.cat\/esc-lasiniamolins\/wp-json\/wp\/v2\/tags?post=2028"}],"curies":[{"name":"wp","href":"https:\/\/api.w.org\/{rel}","templated":true}]}}