{"id":2018,"date":"2022-12-02T09:04:46","date_gmt":"2022-12-02T08:04:46","guid":{"rendered":"https:\/\/agora.xtec.cat\/esc-lasiniamolins\/?p=2018"},"modified":"2022-12-02T12:44:15","modified_gmt":"2022-12-02T11:44:15","slug":"larquitectura-es-tot-un-art","status":"publish","type":"post","link":"https:\/\/agora.xtec.cat\/esc-lasiniamolins\/general\/larquitectura-es-tot-un-art\/","title":{"rendered":"L&#8217;arquitectura \u00e9s tot un art!!!"},"content":{"rendered":"<p>Ja tenim aqu\u00ed la can\u00e7\u00f3 de la Setmana Tem\u00e0tica 2022.<\/p>\n<p>Prepareu-vos que ja estem engegant motors!<\/p>\n<p><iframe loading=\"lazy\" title=\"L&#039;arquitectura \u00e9s tot un art, Setmana Tem\u00e0tica 2022\" width=\"500\" height=\"281\" src=\"https:\/\/www.youtube.com\/embed\/wOyxcX0eN_w?feature=oembed\" frameborder=\"0\" allow=\"accelerometer; autoplay; clipboard-write; encrypted-media; gyroscope; picture-in-picture; web-share\" referrerpolicy=\"strict-origin-when-cross-origin\" allowfullscreen><\/iframe><\/p>\n","protected":false},"excerpt":{"rendered":"<p>Ja tenim aqu\u00ed la can\u00e7\u00f3 de la Setmana Tem\u00e0tica 2022.<br \/>\nPrepareu-vos que ja estem engegant motors!<\/p>\n","protected":false},"author":1,"featured_media":2020,"comment_status":"open","ping_status":"closed","sticky":false,"template":"","format":"standard","meta":{"_bbp_topic_count":0,"_bbp_reply_count":0,"_bbp_total_topic_count":0,"_bbp_total_reply_count":0,"_bbp_voice_count":0,"_bbp_anonymous_reply_count":0,"_bbp_topic_count_hidden":0,"_bbp_reply_count_hidden":0,"_bbp_forum_subforum_count":0,"footnotes":""},"categories":[4,1],"tags":[271,272,274,169,273],"class_list":["post-2018","post","type-post","status-publish","format-standard","has-post-thumbnail","hentry","category-portada","category-general","tag-arquitectura","tag-art","tag-espectable","tag-setmana-tematica","tag-tallers-arquitectura"],"post_mailing_queue_ids":[],"_links":{"self":[{"href":"https:\/\/agora.xtec.cat\/esc-lasiniamolins\/wp-json\/wp\/v2\/posts\/2018","targetHints":{"allow":["GET"]}}],"collection":[{"href":"https:\/\/agora.xtec.cat\/esc-lasiniamolins\/wp-json\/wp\/v2\/posts"}],"about":[{"href":"https:\/\/agora.xtec.cat\/esc-lasiniamolins\/wp-json\/wp\/v2\/types\/post"}],"author":[{"embeddable":true,"href":"https:\/\/agora.xtec.cat\/esc-lasiniamolins\/wp-json\/wp\/v2\/users\/1"}],"replies":[{"embeddable":true,"href":"https:\/\/agora.xtec.cat\/esc-lasiniamolins\/wp-json\/wp\/v2\/comments?post=2018"}],"version-history":[{"count":3,"href":"https:\/\/agora.xtec.cat\/esc-lasiniamolins\/wp-json\/wp\/v2\/posts\/2018\/revisions"}],"predecessor-version":[{"id":2023,"href":"https:\/\/agora.xtec.cat\/esc-lasiniamolins\/wp-json\/wp\/v2\/posts\/2018\/revisions\/2023"}],"wp:featuredmedia":[{"embeddable":true,"href":"https:\/\/agora.xtec.cat\/esc-lasiniamolins\/wp-json\/wp\/v2\/media\/2020"}],"wp:attachment":[{"href":"https:\/\/agora.xtec.cat\/esc-lasiniamolins\/wp-json\/wp\/v2\/media?parent=2018"}],"wp:term":[{"taxonomy":"category","embeddable":true,"href":"https:\/\/agora.xtec.cat\/esc-lasiniamolins\/wp-json\/wp\/v2\/categories?post=2018"},{"taxonomy":"post_tag","embeddable":true,"href":"https:\/\/agora.xtec.cat\/esc-lasiniamolins\/wp-json\/wp\/v2\/tags?post=2018"}],"curies":[{"name":"wp","href":"https:\/\/api.w.org\/{rel}","templated":true}]}}