{"id":2013,"date":"2022-11-15T16:01:58","date_gmt":"2022-11-15T15:01:58","guid":{"rendered":"https:\/\/agora.xtec.cat\/esc-lasiniamolins\/?p=2013"},"modified":"2022-11-15T16:01:58","modified_gmt":"2022-11-15T15:01:58","slug":"informacio-piscina-2","status":"publish","type":"post","link":"https:\/\/agora.xtec.cat\/esc-lasiniamolins\/que-oferim\/extraescolars\/informacio-piscina-2\/","title":{"rendered":"Informaci\u00f3 piscina"},"content":{"rendered":"<p>Fam\u00edlies!<\/p>\n<p>&nbsp;<\/p>\n<p>El curs 2022-2023 continuem oferint l\u2019extraescolar de piscina per a l\u2019alumnat de l\u2019escola.<\/p>\n<p>&nbsp;<\/p>\n<p>Tot i que\u00a0<strong><u>les inscripcions seran entre l\u201901 i el 23 de setembre<\/u><\/strong>\u00a0d\u2019enguany, us avancem els horaris i preus per a la vostra informaci\u00f3:<\/p>\n<p>&nbsp;<\/p>\n<p><center><\/p>\n<table width=\"1099\" cellspacing=\"0\" cellpadding=\"3\">\n<tbody>\n<tr>\n<td colspan=\"2\" rowspan=\"2\" width=\"403\">\n<h1 class=\"western\" align=\"center\">HORARIS<\/h1>\n<\/td>\n<td colspan=\"6\" valign=\"top\" width=\"682\">\n<h1 class=\"western\" align=\"center\">PREUS<\/h1>\n<h1 class=\"western\" align=\"center\">(inclou asseguran\u00e7a d\u2019accidents)<\/h1>\n<\/td>\n<\/tr>\n<tr>\n<td colspan=\"2\" valign=\"top\" width=\"226\">\n<h1 class=\"western\" align=\"center\">Matr\u00edcula ordin\u00e0ria<\/h1>\n<\/td>\n<td colspan=\"2\" valign=\"top\" width=\"217\">\n<h1 class=\"western\" align=\"center\">10% descompte abans 30.09<\/h1>\n<\/td>\n<td colspan=\"2\" valign=\"top\" width=\"228\">\n<h1 class=\"western\" align=\"center\">Matr\u00edcula Fam\u00edlia Nombrosa<\/h1>\n<\/td>\n<\/tr>\n<tr>\n<td valign=\"top\" width=\"188\">\n<h1 class=\"western\">P3 i P4<\/h1>\n<\/td>\n<td width=\"209\">\n<h1 class=\"western\">Dilluns a les 17:30<\/h1>\n<\/td>\n<td rowspan=\"2\" width=\"218\">\n<h1 class=\"western\" align=\"right\">158,00.-\u20ac<\/h1>\n<\/td>\n<td colspan=\"2\" rowspan=\"2\" width=\"134\">\n<h1 class=\"western\" align=\"right\">142,50.-\u20ac<\/h1>\n<\/td>\n<td colspan=\"2\" rowspan=\"2\" width=\"131\">\n<h1 class=\"western\" align=\"right\">119,25.-\u20ac<\/h1>\n<\/td>\n<td width=\"182\">&nbsp;<\/td>\n<\/tr>\n<tr>\n<td valign=\"top\" width=\"188\">\n<h1 class=\"western\">P5<\/h1>\n<\/td>\n<td width=\"209\">\n<h1 class=\"western\">Dimarts a les 17:15<\/h1>\n<\/td>\n<td width=\"182\">&nbsp;<\/td>\n<\/tr>\n<tr>\n<td rowspan=\"2\" width=\"188\">\n<h1 class=\"western\">Prim\u00e0ria<\/h1>\n<h1 class=\"western\">(2 torns)<\/h1>\n<\/td>\n<td width=\"209\">\n<h1 class=\"western\">Divendres a les 17:15<\/h1>\n<\/td>\n<td rowspan=\"2\" width=\"218\">\n<h1 class=\"western\" align=\"right\">149,25.-\u20ac<\/h1>\n<\/td>\n<td colspan=\"2\" rowspan=\"2\" width=\"134\">\n<h1 class=\"western\" align=\"right\">134,65.-\u20ac<\/h1>\n<\/td>\n<td colspan=\"2\" rowspan=\"2\" width=\"131\">\n<h1 class=\"western\" align=\"right\">112,70.-\u20ac<\/h1>\n<\/td>\n<td width=\"182\">&nbsp;<\/td>\n<\/tr>\n<tr>\n<td width=\"209\">\n<h1 class=\"western\">Divendres a les 18:05<\/h1>\n<\/td>\n<td width=\"182\">&nbsp;<\/td>\n<\/tr>\n<\/tbody>\n<\/table>\n<p><\/center>L\u2019activitat comen\u00e7ar\u00e0 la setmana del 03.10.2022<\/p>\n<p>&nbsp;<\/p>\n<p>Quan disposem de tota la documentaci\u00f3 actualitzarem la web per a que pugueu formalitzar la matr\u00edcula.<\/p>\n<p>&nbsp;<\/p>\n<p><a name=\"LPlnk759549\"><\/a>Som a la vostra disposici\u00f3 a\u00a0<a href=\"mailto:piscina.lasinia@gmail.com\" target=\"_blank\" rel=\"noopener\">piscina.lasinia@gmail.com<\/a><\/p>\n<p>Salut!!<\/p>\n<p>Relleu extraescolar angl\u00e8s!<\/p>\n<p>L\u2019AFA informa que la persona encarregada de portar l\u2019extraescolar d\u2019angl\u00e8s finalitza aquest curs el seu pas per la S\u00ednia. Per aix\u00f2 es fa una crida a qualsevol persona interessada que vulgui continuar amb la gesti\u00f3 de l\u2019activitat envi\u00ef un correu a l\u2019adre\u00e7a de l\u2019AFA afa@escolalasinia.com<\/p>\n<p>Seria interessant que alg\u00fa s\u2019anim\u00e9s com m\u00e9s aviat millor per tal de compartir la gesti\u00f3 durant el temps que queda de curs. \u00c9s una activitat que no dona molta feina i a la vegada et fa mantenir un vincle actiu amb l\u2019AFA. Aix\u00ed que animeu-vos perqu\u00e8 si no surt ning\u00fa, el curs vinent no es podr\u00e0 portar a terme l\u2019activitat!!<\/p>\n","protected":false},"excerpt":{"rendered":"<p>Fam\u00edlies!<br \/>\n&nbsp;<br \/>\nEl curs 2022-2023 continuem oferint l\u2019extraescolar de piscina per a l\u2019alumnat de l\u2019escola.<br \/>\n&nbsp;<br \/>\nTot i que\u00a0les inscripcions seran entre l\u201901 i el 23 de setembre\u00a0d\u2019enguany, us avancem els horaris i preus per a la vostra informaci\u00f3:<br \/>\n&nbsp;<\/p>\n<p>HORARIS<\/p>\n<p>PREUS<br \/>\n(inclou asseguran\u00e7a d\u2019accidents)<\/p>\n<p>Matr\u00edcula ordin\u00e0ria<\/p>\n<p>10% descompte abans 30.09<\/p>\n<p>Matr\u00edcula Fam\u00edlia Nombrosa<\/p>\n<p>P3 i P4<\/p>\n<p>Dilluns&hellip;  <a href=\"https:\/\/agora.xtec.cat\/esc-lasiniamolins\/que-oferim\/extraescolars\/informacio-piscina-2\/\" title=\"Read Informaci\u00f3 piscina\">Llegeix m\u00e9s\u00bb<\/a><\/p>\n","protected":false},"author":1,"featured_media":0,"comment_status":"open","ping_status":"closed","sticky":false,"template":"","format":"standard","meta":{"_bbp_topic_count":0,"_bbp_reply_count":0,"_bbp_total_topic_count":0,"_bbp_total_reply_count":0,"_bbp_voice_count":0,"_bbp_anonymous_reply_count":0,"_bbp_topic_count_hidden":0,"_bbp_reply_count_hidden":0,"_bbp_forum_subforum_count":0,"footnotes":""},"categories":[258],"tags":[187,268,267],"class_list":["post-2013","post","type-post","status-publish","format-standard","hentry","category-extraescolars","tag-extraescolars","tag-informacio-piscina","tag-piscina"],"post_mailing_queue_ids":[],"_links":{"self":[{"href":"https:\/\/agora.xtec.cat\/esc-lasiniamolins\/wp-json\/wp\/v2\/posts\/2013","targetHints":{"allow":["GET"]}}],"collection":[{"href":"https:\/\/agora.xtec.cat\/esc-lasiniamolins\/wp-json\/wp\/v2\/posts"}],"about":[{"href":"https:\/\/agora.xtec.cat\/esc-lasiniamolins\/wp-json\/wp\/v2\/types\/post"}],"author":[{"embeddable":true,"href":"https:\/\/agora.xtec.cat\/esc-lasiniamolins\/wp-json\/wp\/v2\/users\/1"}],"replies":[{"embeddable":true,"href":"https:\/\/agora.xtec.cat\/esc-lasiniamolins\/wp-json\/wp\/v2\/comments?post=2013"}],"version-history":[{"count":1,"href":"https:\/\/agora.xtec.cat\/esc-lasiniamolins\/wp-json\/wp\/v2\/posts\/2013\/revisions"}],"predecessor-version":[{"id":2014,"href":"https:\/\/agora.xtec.cat\/esc-lasiniamolins\/wp-json\/wp\/v2\/posts\/2013\/revisions\/2014"}],"wp:attachment":[{"href":"https:\/\/agora.xtec.cat\/esc-lasiniamolins\/wp-json\/wp\/v2\/media?parent=2013"}],"wp:term":[{"taxonomy":"category","embeddable":true,"href":"https:\/\/agora.xtec.cat\/esc-lasiniamolins\/wp-json\/wp\/v2\/categories?post=2013"},{"taxonomy":"post_tag","embeddable":true,"href":"https:\/\/agora.xtec.cat\/esc-lasiniamolins\/wp-json\/wp\/v2\/tags?post=2013"}],"curies":[{"name":"wp","href":"https:\/\/api.w.org\/{rel}","templated":true}]}}