{"id":1975,"date":"2022-11-03T13:05:11","date_gmt":"2022-11-03T12:05:11","guid":{"rendered":"https:\/\/agora.xtec.cat\/esc-lasiniamolins\/?p=1975"},"modified":"2022-11-03T13:05:11","modified_gmt":"2022-11-03T12:05:11","slug":"itineraris-personals-ei4","status":"publish","type":"post","link":"https:\/\/agora.xtec.cat\/esc-lasiniamolins\/portada\/itineraris-personals-ei4\/","title":{"rendered":"ITINERARIS PERSONALS EI4"},"content":{"rendered":"<p><span style=\"font-weight: 400;\">Els Itineraris Personals, un proc\u00e9s d&#8217;aprenentatge individual. L&#8217;objectiu del qual \u00e9s que els infants tracin el seu propi cam\u00ed i prenguin consci\u00e8ncia del seu proc\u00e9s d&#8217;aprenentatge i que cada infant tregui el m\u00e0xim d\u2019ell mateix acompanyat dels mestres que estem al seu costat.<\/span><\/p>\n<p><span style=\"font-weight: 400;\">Treballem sobretot el llenguatge matem\u00e0tic, el llenguatge oral i escrit, el llenguatge pl\u00e0stic i sobretot aprendre a aprendre. Per desenvolupar tot aquest treball cada infant treballa de forma individual o amb petit grup. Les propostes did\u00e0ctiques es presenten en diferents formats: manipulatiu o en paper. En funci\u00f3 del moment evolutiu que est\u00e0 cada infant li proposem uns objectius de treball o uns altres amb la finalitat que cada infant faci unes propostes de treball que li suposin un repte personal, per\u00f2 alhora aquestes siguin properes al seu nivell d\u2019aprenentatge perqu\u00e8 li suposin un repte i un esfor\u00e7, per\u00f2 que aquest esfor\u00e7 pugui ser assumible per cada un dels infants amb treball i const\u00e0ncia.<\/span><\/p>\n<p><span style=\"font-weight: 400;\">Quan els Vermells i els Liles ens disposem a fer Itineraris tenim clar que hem d\u2019estar en silenci o parlar molt fluixet perqu\u00e8 sin\u00f3 no ens podem concentrar ni practicar les coses que ens costen o no sabem fer.<\/span><\/p>\n<p><span style=\"font-weight: 400;\">De vegades, ens costa atrevir-nos a participar de les propostes que no coneixem o creixem que no sabem fer, per\u00f2 de mica en mica estem aprenent que les propostes que ens proposen l\u2019Aitor i la Teresa ens serveixen per practicar, practicar i practicar tot all\u00f2 que ens costa.\u00a0 I si ens equivoquem, no passa res perqu\u00e8 ho tornem a provar, i si no ens surt com ens imagin\u00e0vem, tampoc no passa res perqu\u00e8 ho tornem a treballar i ells ens acompanyen i ens ajuden en aquest proc\u00e9s d\u2019aprenentatge.<\/span><\/p>\n<p><span style=\"font-weight: 400;\">La pr\u00e0ctica, l\u2019esfor\u00e7, la motivaci\u00f3, la concentraci\u00f3 i la const\u00e0ncia ens ajuden a aprendre i avan\u00e7ar.\u00a0<\/span><\/p>\n<p><a href=\"https:\/\/photos.app.goo.gl\/oCdzsBQ22z81VmLd7\"><img loading=\"lazy\" decoding=\"async\" class=\"alignnone size-large\" src=\"https:\/\/lh3.googleusercontent.com\/u2_BNYixzSUj0l_lk4khSQRJ5a9mM4bHGD2YGoVhlRTk8757lO4wSjTEzL-6HqQgAzOT5LuPzscyvwh3aELGvshmRv5nElMRbuZSSlkBLtmjwRz8punsRh3OiZbvp2HITEf_Yhm5NIOQoXttzSxtFVjVdfn1lwkfR43_UgRbxwIb87WIQFPuQqIxwTnSt-PPq_v0ZJNQUHqPumEk1WgBOIKaaPvQkAMc53qvPlbdSH9OAVpPRb4d5rjcOLGZKJ08U5PDuM6WljQbghGRETEWZ231YiIeKtyyIb4yZJzmY3s8KpjlaTgFmiDnpHoBiP2fE3DtWg1f_Q02WEZn5oOodsBZhQDF8bmT5MPGPOQ6u7Q1ZoWJcHrvZHNEr3b-f85oAlMOzD_nHefXI4NABzvAMjj1V8CMWMk1BFq3_83YvJdbmG-PjOS5l0yMo6sGwLe_5Y1tuZnIXSXK9DKVzhMKO2RuawEEfE-gryZ1oe8LDR1GQ3xeDSzsuQSkB65yv2AygvdJnsONgbOj6KaMnvmmk3xtVzvH-6KJeshSW3JOgUNS6rdPcG77FLmLTF5F_kSug-4WPkagKjgh9bbahC9QbSUGjlrElhghMB6m-reHACg0n9LdrlkqK1d5DolKeNW9vEXCi_Lx-x6G4u8Vye-Ep5P2atrB2ZIn_71C6QCqukTKBP4fRAJQzilnB2FcKVY4_p153xmFEg1pZAsTkqKuIUOMN4vg_1bQeDCH52h2gmArZ1CRwZpzfjFVqMEoEvoBQiaO8bcHx1ICTot5iRzxaaurHu6lOSGch8SoL2fMu5DPb1JKihLYEKWEnDqMVlMNPvbF15ewoTnE7q903xH6azGs4lDlFyITk0Wh3iDwWzQioLSJAfxz5_32rsERvv1XSCzhQaxoyuQ4pYleULyjVxTE5nDub-4nFgMwmKQouvJs=w1203-h902-no?authuser=0\" width=\"1203\" height=\"902\" \/><\/a><\/p>\n","protected":false},"excerpt":{"rendered":"<p>Els Itineraris Personals, un proc\u00e9s d&#8217;aprenentatge individual. L&#8217;objectiu del qual \u00e9s que els infants tracin el seu propi cam\u00ed i prenguin consci\u00e8ncia del seu proc\u00e9s d&#8217;aprenentatge i que cada infant tregui el m\u00e0xim d\u2019ell mateix acompanyat dels mestres que estem al seu costat.<br \/>\nTreballem sobretot el&hellip;  <a href=\"https:\/\/agora.xtec.cat\/esc-lasiniamolins\/portada\/itineraris-personals-ei4\/\" title=\"Read ITINERARIS PERSONALS EI4\">Llegeix m\u00e9s\u00bb<\/a><\/p>\n","protected":false},"author":8,"featured_media":0,"comment_status":"open","ping_status":"closed","sticky":false,"template":"","format":"standard","meta":{"_bbp_topic_count":0,"_bbp_reply_count":0,"_bbp_total_topic_count":0,"_bbp_total_reply_count":0,"_bbp_voice_count":0,"_bbp_anonymous_reply_count":0,"_bbp_topic_count_hidden":0,"_bbp_reply_count_hidden":0,"_bbp_forum_subforum_count":0,"footnotes":""},"categories":[8,207,4],"tags":[202,248,247,246],"class_list":["post-1975","post","type-post","status-publish","format-standard","hentry","category-p4","category-petits","category-portada","tag-curs-22-23","tag-ei4","tag-itineraris-personals","tag-liles-i-vermells"],"post_mailing_queue_ids":[],"_links":{"self":[{"href":"https:\/\/agora.xtec.cat\/esc-lasiniamolins\/wp-json\/wp\/v2\/posts\/1975","targetHints":{"allow":["GET"]}}],"collection":[{"href":"https:\/\/agora.xtec.cat\/esc-lasiniamolins\/wp-json\/wp\/v2\/posts"}],"about":[{"href":"https:\/\/agora.xtec.cat\/esc-lasiniamolins\/wp-json\/wp\/v2\/types\/post"}],"author":[{"embeddable":true,"href":"https:\/\/agora.xtec.cat\/esc-lasiniamolins\/wp-json\/wp\/v2\/users\/8"}],"replies":[{"embeddable":true,"href":"https:\/\/agora.xtec.cat\/esc-lasiniamolins\/wp-json\/wp\/v2\/comments?post=1975"}],"version-history":[{"count":3,"href":"https:\/\/agora.xtec.cat\/esc-lasiniamolins\/wp-json\/wp\/v2\/posts\/1975\/revisions"}],"predecessor-version":[{"id":1983,"href":"https:\/\/agora.xtec.cat\/esc-lasiniamolins\/wp-json\/wp\/v2\/posts\/1975\/revisions\/1983"}],"wp:attachment":[{"href":"https:\/\/agora.xtec.cat\/esc-lasiniamolins\/wp-json\/wp\/v2\/media?parent=1975"}],"wp:term":[{"taxonomy":"category","embeddable":true,"href":"https:\/\/agora.xtec.cat\/esc-lasiniamolins\/wp-json\/wp\/v2\/categories?post=1975"},{"taxonomy":"post_tag","embeddable":true,"href":"https:\/\/agora.xtec.cat\/esc-lasiniamolins\/wp-json\/wp\/v2\/tags?post=1975"}],"curies":[{"name":"wp","href":"https:\/\/api.w.org\/{rel}","templated":true}]}}