{"id":1929,"date":"2022-10-26T23:29:04","date_gmt":"2022-10-26T21:29:04","guid":{"rendered":"https:\/\/agora.xtec.cat\/esc-lasiniamolins\/?p=1929"},"modified":"2022-10-26T23:29:04","modified_gmt":"2022-10-26T21:29:04","slug":"els-primers-dies-a-lescola-p4","status":"publish","type":"post","link":"https:\/\/agora.xtec.cat\/esc-lasiniamolins\/portada\/els-primers-dies-a-lescola-p4\/","title":{"rendered":"ELS PRIMERS DIES A L&#8217;ESCOLA P4"},"content":{"rendered":"<p>Ens retrobem de nou despr\u00e9s d&#8217;uns mesos de no venir a l&#8217;escola, de compartir altres activitats amb la fam\u00edlia, amb nous companys i contextos diferents, potser a la platja, potser a la muntanya, potser al parc del costat de casa, potser a la casa dels avis&#8230;<\/p>\n<p>Aquests primers dies ens adaptem de nou a la din\u00e0mica de l&#8217;aula i de l&#8217;escola amb\u00a0els companys\u00a0i companyes\u00a0dels Liles\u00a0i dels Vermells. Enguany, per sort, hem pogut gaudir d&#8217;una adaptaci\u00f3 molt m\u00e9s tranquil\u00b7la, sense mascaretes amb l&#8217;oportunitat de compartir joc amb els companys que hem volgut, sense restriccions, amb m\u00e9s llibertat.<\/p>\n<p>Hem conegut nous mestres que ens acompanyaran aquest nou cam\u00ed, trobem a faltar els que ja no hi\u00a0s\u00f3n. Descobrim noves din\u00e0miques.<\/p>\n<p>I tot aquest proc\u00e9s el fem de la manera que m\u00e9s ens agrada amb petits reptes que hem de resoldre i que ens trobem a l&#8217;aula, amb el joc simb\u00f2lic, amb les construccions&#8230; amb tot de propostes que ens hem anat trobant dia rere dia a l&#8217;aula. Aquestes propostes ens\u00a0ajuden al fet que\u00a0aquesta nova adaptaci\u00f3 pugui ser d&#8217;una forma amable,\u00a0respectuosa, curosa &#8230; Aix\u00ed i de mica en mica ens anirem endinsant en el nou curs amb nous reptes, amb nous projectes, amb nous aprenentatges, en definitiva\u00a0continuarem caminant\u00a0cada un dels infants pel seu cam\u00ed trobant el seu itinerari i acompanyat sempre d&#8217;una m\u00e0 que l&#8217;acompanyar\u00e0 en aquest nou trajecte.<\/p>\n<p>Fent cam\u00ed 2022-23<\/p>\n<p><a href=\"https:\/\/photos.app.goo.gl\/2giiB7ivYT2wqara9\"><img loading=\"lazy\" decoding=\"async\" class=\"alignnone size-large\" src=\"https:\/\/lh3.googleusercontent.com\/pw\/AL9nZEVyx5x0d4eCLC0VILABKBgcM6T5mAHwu79nTE5AFr79AXF1G4QUpOzkgCUoz4tJkRN3PFG3_zMMXqu1Kw-8qQnWg7ZFa070A_Hm2B0BaY8VA4VZthmcIglxcGuQiamVqJXKja9bwuwW00wC_ocUBa7l=w1654-h933-no?authuser=0\" width=\"1654\" height=\"933\" \/><\/a><\/p>\n","protected":false},"excerpt":{"rendered":"<p>Ens retrobem de nou despr\u00e9s d&#8217;uns mesos de no venir a l&#8217;escola, de compartir altres activitats amb la fam\u00edlia, amb nous companys i contextos diferents, potser a la platja, potser a la muntanya, potser al parc del costat de casa, potser a la casa dels&hellip;  <a href=\"https:\/\/agora.xtec.cat\/esc-lasiniamolins\/portada\/els-primers-dies-a-lescola-p4\/\" title=\"Read ELS PRIMERS DIES A L&#8217;ESCOLA P4\">Llegeix m\u00e9s\u00bb<\/a><\/p>\n","protected":false},"author":8,"featured_media":0,"comment_status":"open","ping_status":"closed","sticky":false,"template":"","format":"standard","meta":{"_bbp_topic_count":0,"_bbp_reply_count":0,"_bbp_total_topic_count":0,"_bbp_total_reply_count":0,"_bbp_voice_count":0,"_bbp_anonymous_reply_count":0,"_bbp_topic_count_hidden":0,"_bbp_reply_count_hidden":0,"_bbp_forum_subforum_count":0,"footnotes":""},"categories":[8,207,4],"tags":[202,241,243,246],"class_list":["post-1929","post","type-post","status-publish","format-standard","hentry","category-p4","category-petits","category-portada","tag-curs-22-23","tag-els-primers-dies-a-lescola-p4","tag-els-primers-dies-descola","tag-liles-i-vermells"],"post_mailing_queue_ids":[],"_links":{"self":[{"href":"https:\/\/agora.xtec.cat\/esc-lasiniamolins\/wp-json\/wp\/v2\/posts\/1929","targetHints":{"allow":["GET"]}}],"collection":[{"href":"https:\/\/agora.xtec.cat\/esc-lasiniamolins\/wp-json\/wp\/v2\/posts"}],"about":[{"href":"https:\/\/agora.xtec.cat\/esc-lasiniamolins\/wp-json\/wp\/v2\/types\/post"}],"author":[{"embeddable":true,"href":"https:\/\/agora.xtec.cat\/esc-lasiniamolins\/wp-json\/wp\/v2\/users\/8"}],"replies":[{"embeddable":true,"href":"https:\/\/agora.xtec.cat\/esc-lasiniamolins\/wp-json\/wp\/v2\/comments?post=1929"}],"version-history":[{"count":4,"href":"https:\/\/agora.xtec.cat\/esc-lasiniamolins\/wp-json\/wp\/v2\/posts\/1929\/revisions"}],"predecessor-version":[{"id":1960,"href":"https:\/\/agora.xtec.cat\/esc-lasiniamolins\/wp-json\/wp\/v2\/posts\/1929\/revisions\/1960"}],"wp:attachment":[{"href":"https:\/\/agora.xtec.cat\/esc-lasiniamolins\/wp-json\/wp\/v2\/media?parent=1929"}],"wp:term":[{"taxonomy":"category","embeddable":true,"href":"https:\/\/agora.xtec.cat\/esc-lasiniamolins\/wp-json\/wp\/v2\/categories?post=1929"},{"taxonomy":"post_tag","embeddable":true,"href":"https:\/\/agora.xtec.cat\/esc-lasiniamolins\/wp-json\/wp\/v2\/tags?post=1929"}],"curies":[{"name":"wp","href":"https:\/\/api.w.org\/{rel}","templated":true}]}}