{"id":1891,"date":"2022-11-03T13:04:18","date_gmt":"2022-11-03T12:04:18","guid":{"rendered":"https:\/\/agora.xtec.cat\/esc-lasiniamolins\/?p=1891"},"modified":"2022-11-03T13:04:18","modified_gmt":"2022-11-03T12:04:18","slug":"projecte-el-segle-xx","status":"publish","type":"post","link":"https:\/\/agora.xtec.cat\/esc-lasiniamolins\/general\/grans\/5e\/projecte-el-segle-xx\/","title":{"rendered":"Projecte: El segle XX"},"content":{"rendered":"<p><span style=\"font-weight: 400;\">A 5\u00e8 estem fent un projecte sobre el segle XX.\u00a0<\/span><\/p>\n<p><span style=\"font-weight: 400;\">Vam comen\u00e7ar amb la visita de la Gemma Trib\u00f3, historiadora. Ens va proposar un repte: investigar coses del segle XX i amb tota la informaci\u00f3 al final del projecte, crear un curtmetratge que ho expliqu\u00e9s.\u00a0<\/span><a href=\"https:\/\/agora.xtec.cat\/esc-lasiniamolins\/wp-content\/uploads\/usu2018\/2022\/10\/WhatsApp-Image-2022-09-15-at-19.06.08-1.jpeg\"><img loading=\"lazy\" decoding=\"async\" class=\"wp-image-1894 aligncenter\" src=\"https:\/\/agora.xtec.cat\/esc-lasiniamolins\/wp-content\/uploads\/usu2018\/2022\/10\/WhatsApp-Image-2022-09-15-at-19.06.08-1-1024x768.jpeg\" alt=\"\" width=\"387\" height=\"291\" srcset=\"https:\/\/agora.xtec.cat\/esc-lasiniamolins\/wp-content\/uploads\/usu2018\/2022\/10\/WhatsApp-Image-2022-09-15-at-19.06.08-1-1024x768.jpeg 1024w, https:\/\/agora.xtec.cat\/esc-lasiniamolins\/wp-content\/uploads\/usu2018\/2022\/10\/WhatsApp-Image-2022-09-15-at-19.06.08-1-300x225.jpeg 300w, https:\/\/agora.xtec.cat\/esc-lasiniamolins\/wp-content\/uploads\/usu2018\/2022\/10\/WhatsApp-Image-2022-09-15-at-19.06.08-1-768x576.jpeg 768w, https:\/\/agora.xtec.cat\/esc-lasiniamolins\/wp-content\/uploads\/usu2018\/2022\/10\/WhatsApp-Image-2022-09-15-at-19.06.08-1-1536x1152.jpeg 1536w, https:\/\/agora.xtec.cat\/esc-lasiniamolins\/wp-content\/uploads\/usu2018\/2022\/10\/WhatsApp-Image-2022-09-15-at-19.06.08-1-200x150.jpeg 200w, https:\/\/agora.xtec.cat\/esc-lasiniamolins\/wp-content\/uploads\/usu2018\/2022\/10\/WhatsApp-Image-2022-09-15-at-19.06.08-1.jpeg 1600w\" sizes=\"auto, (max-width: 387px) 100vw, 387px\" \/><\/a><\/p>\n<p><span style=\"font-weight: 400;\">Primer vam portar objectes antics dels nostres pares o avis, que tenim exposats a les classes. A mi em van cridar l\u2019atenci\u00f3 uns quants objectes com: una ll\u00e0ntia, una <em>play station<\/em> antiga o un cotxe de llauna.\u00a0<\/span><\/p>\n<p><span style=\"font-weight: 400;\">Despr\u00e9s vam anar a una confer\u00e8ncia a la Federaci\u00f3 Obrera sobre la Guerra Civil Espanyola i sobre com va afectar els vilatans i vilatanes de Molins de Rei. Em va semblar molt interessant que ens expliquessin que van cremar l\u2019esgl\u00e9sia de Molins i que un avi\u00f3 alemany va intentar destruir el pont de Carles III, no ho va aconseguir i al final va acabar xocant.<\/span><\/p>\n<p style=\"text-align: center;\"><a href=\"https:\/\/agora.xtec.cat\/esc-lasiniamolins\/wp-content\/uploads\/usu2018\/2022\/10\/WhatsApp-Image-2022-09-26-at-17.31.03-2.jpeg\"><img loading=\"lazy\" decoding=\"async\" class=\"wp-image-1896 aligncenter\" src=\"https:\/\/agora.xtec.cat\/esc-lasiniamolins\/wp-content\/uploads\/usu2018\/2022\/10\/WhatsApp-Image-2022-09-26-at-17.31.03-2-300x225.jpeg\" alt=\"\" width=\"390\" height=\"292\" srcset=\"https:\/\/agora.xtec.cat\/esc-lasiniamolins\/wp-content\/uploads\/usu2018\/2022\/10\/WhatsApp-Image-2022-09-26-at-17.31.03-2-300x225.jpeg 300w, https:\/\/agora.xtec.cat\/esc-lasiniamolins\/wp-content\/uploads\/usu2018\/2022\/10\/WhatsApp-Image-2022-09-26-at-17.31.03-2-1024x768.jpeg 1024w, https:\/\/agora.xtec.cat\/esc-lasiniamolins\/wp-content\/uploads\/usu2018\/2022\/10\/WhatsApp-Image-2022-09-26-at-17.31.03-2-768x576.jpeg 768w, https:\/\/agora.xtec.cat\/esc-lasiniamolins\/wp-content\/uploads\/usu2018\/2022\/10\/WhatsApp-Image-2022-09-26-at-17.31.03-2-1536x1152.jpeg 1536w, https:\/\/agora.xtec.cat\/esc-lasiniamolins\/wp-content\/uploads\/usu2018\/2022\/10\/WhatsApp-Image-2022-09-26-at-17.31.03-2-200x150.jpeg 200w, https:\/\/agora.xtec.cat\/esc-lasiniamolins\/wp-content\/uploads\/usu2018\/2022\/10\/WhatsApp-Image-2022-09-26-at-17.31.03-2.jpeg 1600w\" sizes=\"auto, (max-width: 390px) 100vw, 390px\" \/><\/a><\/p>\n<p><span style=\"font-weight: 400;\">Uns dies m\u00e9s tard van venir els avis i \u00e0vies per fer-los entrevistes i obtenir m\u00e9s informaci\u00f3. Ens vam posar per grups i ens vam passar un mat\u00ed preparant l\u2019entrevista. Despr\u00e9s ens vam repartir les preguntes que vol\u00edem fer cadasc\u00fa i vam pactar com ho far\u00edem. A la tarda van arribar els avis i vam realitzar les entrevistes a la zona del pati.\u00a0<\/span><\/p>\n<p><span style=\"font-weight: 400;\">He preguntat als meus companys com van viure l\u2019experi\u00e8ncia i comparteixo qu\u00e8 pensem els meus companys i jo.<\/span><\/p>\n<ul>\n<li><span style=\"font-weight: 400;\">Ens va agradar molt aquella estona perqu\u00e8 va fluir.\u00a0<\/span><\/li>\n<li><span style=\"font-weight: 400;\">Ens va agradar parlar amb els avis i con\u00e8ixer-los.\u00a0<\/span><\/li>\n<li><span style=\"font-weight: 400;\">Con\u00e8ixer a un avi i que ens expliqu\u00e9s la seva vida va ser molt bonic.<\/span><\/li>\n<li><span style=\"font-weight: 400;\">Vam recollir m\u00e9s informaci\u00f3 a trav\u00e9s de persones que estimem.<\/span><\/li>\n<\/ul>\n<p><span style=\"font-weight: 400;\">Tamb\u00e9 vam anar al refugi 307 de Barcelona, on la gent es refugiava per protegir-se de les bombes. All\u00e0 ens van explicar que els refugis havien de ser en forma de S, i que aquell refugi era especial perqu\u00e8 era m\u00e9s gran i perqu\u00e8 estava a sota d\u2019una muntanya, la de Montju\u00efc. Aix\u00f2 feia que no haguessin d\u2019excavar tant, perqu\u00e8 les bombes podien perforar el terra fins a 12m de profunditat. El refugi 307 va ser excavat per civils de Barcelona.<\/span><\/p>\n<p><a href=\"https:\/\/agora.xtec.cat\/esc-lasiniamolins\/wp-content\/uploads\/usu2018\/2022\/10\/WhatsApp-Image-2022-10-11-at-18.26.17-1-1.jpeg\"><img loading=\"lazy\" decoding=\"async\" class=\"wp-image-1893 aligncenter\" src=\"https:\/\/agora.xtec.cat\/esc-lasiniamolins\/wp-content\/uploads\/usu2018\/2022\/10\/WhatsApp-Image-2022-10-11-at-18.26.17-1-1-1024x338.jpeg\" alt=\"\" width=\"436\" height=\"144\" srcset=\"https:\/\/agora.xtec.cat\/esc-lasiniamolins\/wp-content\/uploads\/usu2018\/2022\/10\/WhatsApp-Image-2022-10-11-at-18.26.17-1-1-1024x338.jpeg 1024w, https:\/\/agora.xtec.cat\/esc-lasiniamolins\/wp-content\/uploads\/usu2018\/2022\/10\/WhatsApp-Image-2022-10-11-at-18.26.17-1-1-300x99.jpeg 300w, https:\/\/agora.xtec.cat\/esc-lasiniamolins\/wp-content\/uploads\/usu2018\/2022\/10\/WhatsApp-Image-2022-10-11-at-18.26.17-1-1-768x253.jpeg 768w, https:\/\/agora.xtec.cat\/esc-lasiniamolins\/wp-content\/uploads\/usu2018\/2022\/10\/WhatsApp-Image-2022-10-11-at-18.26.17-1-1-1536x506.jpeg 1536w, https:\/\/agora.xtec.cat\/esc-lasiniamolins\/wp-content\/uploads\/usu2018\/2022\/10\/WhatsApp-Image-2022-10-11-at-18.26.17-1-1.jpeg 2048w\" sizes=\"auto, (max-width: 436px) 100vw, 436px\" \/><\/a><\/p>\n<p><span style=\"font-weight: 400;\">Ara, a l&#8217;aula, farem una l\u00ednia del temps i despr\u00e9s comen\u00e7arem a preparar el curtmetratge, que ser\u00e0 el producte final. Aquest projecte \u00e9s important perqu\u00e8 si sabem qu\u00e8 va passar \u00e9s mes f\u00e0cil que no es cometin els mateixos errors.<\/span><\/p>\n<p style=\"text-align: right;\"><span style=\"font-weight: 400;\">Laia Alonso<\/span><\/p>\n","protected":false},"excerpt":{"rendered":"<p>A 5\u00e8 estem fent un projecte sobre el segle XX.\u00a0<br \/>\nVam comen\u00e7ar amb la visita de la Gemma Trib\u00f3, historiadora. Ens va proposar un repte: investigar coses del segle XX i amb tota la informaci\u00f3 al final del projecte, crear un curtmetratge que ho expliqu\u00e9s.\u00a0<a href=\"https:\/\/agora.xtec.cat\/esc-lasiniamolins\/wp-content\/uploads\/usu2018\/2022\/10\/WhatsApp-Image-2022-09-15-at-19.06.08-1.jpeg\"><\/a><br \/>\nPrimer&hellip;  <a href=\"https:\/\/agora.xtec.cat\/esc-lasiniamolins\/general\/grans\/5e\/projecte-el-segle-xx\/\" title=\"Read Projecte: El segle XX\">Llegeix m\u00e9s\u00bb<\/a><\/p>\n","protected":false},"author":8,"featured_media":0,"comment_status":"open","ping_status":"closed","sticky":false,"template":"","format":"standard","meta":{"_bbp_topic_count":0,"_bbp_reply_count":0,"_bbp_total_topic_count":0,"_bbp_total_reply_count":0,"_bbp_voice_count":0,"_bbp_anonymous_reply_count":0,"_bbp_topic_count_hidden":0,"_bbp_reply_count_hidden":0,"_bbp_forum_subforum_count":0,"footnotes":""},"categories":[14,209],"tags":[72,234,236,226,235,80,233,232],"class_list":["post-1891","post","type-post","status-publish","format-standard","hentry","category-5e","category-grans","tag-5e","tag-conferencia","tag-entrevistes","tag-grans","tag-objectes","tag-projectes","tag-refugi307","tag-seglexx"],"post_mailing_queue_ids":[],"_links":{"self":[{"href":"https:\/\/agora.xtec.cat\/esc-lasiniamolins\/wp-json\/wp\/v2\/posts\/1891","targetHints":{"allow":["GET"]}}],"collection":[{"href":"https:\/\/agora.xtec.cat\/esc-lasiniamolins\/wp-json\/wp\/v2\/posts"}],"about":[{"href":"https:\/\/agora.xtec.cat\/esc-lasiniamolins\/wp-json\/wp\/v2\/types\/post"}],"author":[{"embeddable":true,"href":"https:\/\/agora.xtec.cat\/esc-lasiniamolins\/wp-json\/wp\/v2\/users\/8"}],"replies":[{"embeddable":true,"href":"https:\/\/agora.xtec.cat\/esc-lasiniamolins\/wp-json\/wp\/v2\/comments?post=1891"}],"version-history":[{"count":3,"href":"https:\/\/agora.xtec.cat\/esc-lasiniamolins\/wp-json\/wp\/v2\/posts\/1891\/revisions"}],"predecessor-version":[{"id":1979,"href":"https:\/\/agora.xtec.cat\/esc-lasiniamolins\/wp-json\/wp\/v2\/posts\/1891\/revisions\/1979"}],"wp:attachment":[{"href":"https:\/\/agora.xtec.cat\/esc-lasiniamolins\/wp-json\/wp\/v2\/media?parent=1891"}],"wp:term":[{"taxonomy":"category","embeddable":true,"href":"https:\/\/agora.xtec.cat\/esc-lasiniamolins\/wp-json\/wp\/v2\/categories?post=1891"},{"taxonomy":"post_tag","embeddable":true,"href":"https:\/\/agora.xtec.cat\/esc-lasiniamolins\/wp-json\/wp\/v2\/tags?post=1891"}],"curies":[{"name":"wp","href":"https:\/\/api.w.org\/{rel}","templated":true}]}}