{"id":1867,"date":"2022-10-19T20:54:21","date_gmt":"2022-10-19T18:54:21","guid":{"rendered":"https:\/\/agora.xtec.cat\/esc-lasiniamolins\/?p=1867"},"modified":"2022-10-19T20:54:21","modified_gmt":"2022-10-19T18:54:21","slug":"el-ball-de-bastons","status":"publish","type":"post","link":"https:\/\/agora.xtec.cat\/esc-lasiniamolins\/general\/el-ball-de-bastons\/","title":{"rendered":"El ball de bastons"},"content":{"rendered":"<p><span style=\"font-weight: 400;\">Hola, som les classes de Matagalls i Tur\u00f3 de l\u2019Home. A la S\u00ednia cada any celebrem la Festa Major, \u00e9s un projecte de tota l\u2019escola i a cinqu\u00e8 fem el ball de bastons.<\/span><\/p>\n<p><span style=\"font-weight: 400;\">Fa cosa d\u2019un mes o dos vam comen\u00e7ar a preparar el ball de bastons amb la N\u00faria, la nostra mestra de m\u00fasica. Primer ens va ensenyar la m\u00fasica del ball de bastons, despr\u00e9s vam agafar els bastons i\u00a0 ens va ensenyar la posici\u00f3 inicial i els moviments de la primera part fins que ens el vam aprendre de mem\u00f2ria. Despr\u00e9s, vam fer la segona part. I ens va sortir una mica malament. Per\u00f2 el segon dia ens va sortir m\u00e9s b\u00e9. La tercera ens va costar una mica m\u00e9s, per\u00f2 la vam poder fer i la quarta, ens va costar menys, ja que era igual que la segona.<\/span><\/p>\n<p><span style=\"font-weight: 400;\">Per fi divendres 7 d&#8217;octubre vam fer el ball de bastons. El vam haver de fer al porxo de l\u2019escola perqu\u00e8 plovia. Tot i que en algun moment alguns vam accelerar el ritme, despr\u00e9s el vam tornar a baixar i vam aconseguir anar amb la m\u00fasica i la veritat \u00e9s que ens va quedar molt b\u00e9. Despr\u00e9s de fer el ball ens vam quedar amb una sensaci\u00f3 de tranquil\u00b7litat i alleujament, perqu\u00e8 durant el ball ten\u00edem certa tensi\u00f3, per si no ens sortia b\u00e9 o qualsevol altre imprevist. Ha estat una experi\u00e8ncia molt enriquidora que ens fa participar una vegada m\u00e9s de la cultura i les tradicions de Molins.<\/span><\/p>\n<p>Aqu\u00ed us deixem fotos i v\u00eddeos on es mostra el <a href=\"https:\/\/photos.app.goo.gl\/5KKHCQUF7ZFwZyCf9\">ball de bastons<\/a>.<\/p>\n<p style=\"text-align: right;\"><span style=\"font-weight: 400;\">Ona Aluja, Ariel Mart\u00ednez, Lluc Murgades i Gerard Rosell\u00f3.<\/span><\/p>\n","protected":false},"excerpt":{"rendered":"<p>Hola, som les classes de Matagalls i Tur\u00f3 de l\u2019Home. A la S\u00ednia cada any celebrem la Festa Major, \u00e9s un projecte de tota l\u2019escola i a cinqu\u00e8 fem el ball de bastons.<br \/>\nFa cosa d\u2019un mes o dos vam comen\u00e7ar a preparar el ball de&hellip;  <a href=\"https:\/\/agora.xtec.cat\/esc-lasiniamolins\/general\/el-ball-de-bastons\/\" title=\"Read El ball de bastons\">Llegeix m\u00e9s\u00bb<\/a><\/p>\n","protected":false},"author":8,"featured_media":0,"comment_status":"open","ping_status":"closed","sticky":false,"template":"","format":"standard","meta":{"_bbp_topic_count":0,"_bbp_reply_count":0,"_bbp_total_topic_count":0,"_bbp_total_reply_count":0,"_bbp_voice_count":0,"_bbp_anonymous_reply_count":0,"_bbp_topic_count_hidden":0,"_bbp_reply_count_hidden":0,"_bbp_forum_subforum_count":0,"footnotes":""},"categories":[14,209,4,1],"tags":[72,218,224,214,226,225],"class_list":["post-1867","post","type-post","status-publish","format-standard","hentry","category-5e","category-grans","category-portada","category-general","tag-5e","tag-ball-de-bastons","tag-cultura","tag-festa-major","tag-grans","tag-musica"],"post_mailing_queue_ids":[],"_links":{"self":[{"href":"https:\/\/agora.xtec.cat\/esc-lasiniamolins\/wp-json\/wp\/v2\/posts\/1867","targetHints":{"allow":["GET"]}}],"collection":[{"href":"https:\/\/agora.xtec.cat\/esc-lasiniamolins\/wp-json\/wp\/v2\/posts"}],"about":[{"href":"https:\/\/agora.xtec.cat\/esc-lasiniamolins\/wp-json\/wp\/v2\/types\/post"}],"author":[{"embeddable":true,"href":"https:\/\/agora.xtec.cat\/esc-lasiniamolins\/wp-json\/wp\/v2\/users\/8"}],"replies":[{"embeddable":true,"href":"https:\/\/agora.xtec.cat\/esc-lasiniamolins\/wp-json\/wp\/v2\/comments?post=1867"}],"version-history":[{"count":2,"href":"https:\/\/agora.xtec.cat\/esc-lasiniamolins\/wp-json\/wp\/v2\/posts\/1867\/revisions"}],"predecessor-version":[{"id":1869,"href":"https:\/\/agora.xtec.cat\/esc-lasiniamolins\/wp-json\/wp\/v2\/posts\/1867\/revisions\/1869"}],"wp:attachment":[{"href":"https:\/\/agora.xtec.cat\/esc-lasiniamolins\/wp-json\/wp\/v2\/media?parent=1867"}],"wp:term":[{"taxonomy":"category","embeddable":true,"href":"https:\/\/agora.xtec.cat\/esc-lasiniamolins\/wp-json\/wp\/v2\/categories?post=1867"},{"taxonomy":"post_tag","embeddable":true,"href":"https:\/\/agora.xtec.cat\/esc-lasiniamolins\/wp-json\/wp\/v2\/tags?post=1867"}],"curies":[{"name":"wp","href":"https:\/\/api.w.org\/{rel}","templated":true}]}}