{"id":1438,"date":"2022-01-31T11:03:22","date_gmt":"2022-01-31T10:03:22","guid":{"rendered":"https:\/\/agora.xtec.cat\/esc-lasiniamolins\/?p=1438"},"modified":"2022-01-31T11:03:22","modified_gmt":"2022-01-31T10:03:22","slug":"full-informatiu-9-curs-21-22","status":"publish","type":"post","link":"https:\/\/agora.xtec.cat\/esc-lasiniamolins\/general\/full-informatiu-9-curs-21-22\/","title":{"rendered":"FULL INFORMATIU 9 CURS 21-22"},"content":{"rendered":"<p>Compartim amb vosaltres el Full informatiu n\u00famero 9\u00a0que cont\u00e9 les seg\u00fcents informacions:<\/p>\n<div>\n<ol>\n<li>Tercera setmana de la sisena onada<\/li>\n<li>Classroom i LaSiniaaCasa<\/li>\n<li>Confirmaci\u00f3 de pla\u00e7a per al curs 2022-23 i Autoritzaci\u00f3 curs 2022-23<\/li>\n<li>Portes Obertes i Preinscripci\u00f3 curs 2022-23<\/li>\n<li>Entrades Cant\u00e0nia 5\u00e8 de Prim\u00e0ria<\/li>\n<li>Esmorzar de Nadal<\/li>\n<li>Informacions AFA<\/li>\n<li>Menjador<\/li>\n<li>Propostes per la Candelera<\/li>\n<li>Suggeriment<\/li>\n<li>Novetats al web de l\u2019escola i a les xarxes<\/li>\n<\/ol>\n<figure class=\"figure wp-caption aligncenter\"><a href=\"https:\/\/agora.xtec.cat\/esc-lasiniamolins\/wp-content\/uploads\/usu2018\/2022\/01\/FULL-INFORMATIU-09-21-22.pdf\"><img loading=\"lazy\" decoding=\"async\" class=\"size-full wp-image-1358\" src=\"https:\/\/agora.xtec.cat\/esc-lasiniamolins\/wp-content\/uploads\/usu2018\/2021\/09\/baixa.jpg\" alt=\"\" width=\"214\" height=\"235\" \/><\/a><figcaption class=\"wp-caption-text\">FULL INFORMATIU 9 CURS 21-22<\/figcaption><\/figure>\n<\/div>\n","protected":false},"excerpt":{"rendered":"<p>Compartim amb vosaltres el Full informatiu n\u00famero 9\u00a0que cont\u00e9 les seg\u00fcents informacions:<\/p>\n<ol>\n<li>Tercera setmana de la sisena onada<\/li>\n<li>Classroom i LaSiniaaCasa<\/li>\n<li>Confirmaci\u00f3 de pla\u00e7a per al curs 2022-23 i Autoritzaci\u00f3 curs 2022-23<\/li>\n<li>Portes Obertes i Preinscripci\u00f3 curs 2022-23<\/li>\n<li>Entrades Cant\u00e0nia 5\u00e8 de Prim\u00e0ria<\/li>\n<li>Esmorzar de Nadal<\/li>\n<li>Informacions AFA<\/li>\n<li>Menjador<\/li>\n<li>Propostes per la Candelera<\/li>\n<li>Suggeriment<\/li>\n<li>Novetats al&hellip;  <a href=\"https:\/\/agora.xtec.cat\/esc-lasiniamolins\/general\/full-informatiu-9-curs-21-22\/\" title=\"Read FULL INFORMATIU 9 CURS 21-22\">Llegeix m\u00e9s\u00bb<\/a><br \/>\n","protected":false},"author":1,"featured_media":0,"comment_status":"open","ping_status":"closed","sticky":false,"template":"","format":"standard","meta":{"_bbp_topic_count":0,"_bbp_reply_count":0,"_bbp_total_topic_count":0,"_bbp_total_reply_count":0,"_bbp_voice_count":0,"_bbp_anonymous_reply_count":0,"_bbp_topic_count_hidden":0,"_bbp_reply_count_hidden":0,"_bbp_forum_subforum_count":0,"footnotes":""},"categories":[4,1],"tags":[153,120],"class_list":["post-1438","post","type-post","status-publish","format-standard","hentry","category-portada","category-general","tag-curs-2021-22","tag-full-informatiu"],"post_mailing_queue_ids":[],"_links":{"self":[{"href":"https:\/\/agora.xtec.cat\/esc-lasiniamolins\/wp-json\/wp\/v2\/posts\/1438","targetHints":{"allow":["GET"]}}],"collection":[{"href":"https:\/\/agora.xtec.cat\/esc-lasiniamolins\/wp-json\/wp\/v2\/posts"}],"about":[{"href":"https:\/\/agora.xtec.cat\/esc-lasiniamolins\/wp-json\/wp\/v2\/types\/post"}],"author":[{"embeddable":true,"href":"https:\/\/agora.xtec.cat\/esc-lasiniamolins\/wp-json\/wp\/v2\/users\/1"}],"replies":[{"embeddable":true,"href":"https:\/\/agora.xtec.cat\/esc-lasiniamolins\/wp-json\/wp\/v2\/comments?post=1438"}],"version-history":[{"count":2,"href":"https:\/\/agora.xtec.cat\/esc-lasiniamolins\/wp-json\/wp\/v2\/posts\/1438\/revisions"}],"predecessor-version":[{"id":1459,"href":"https:\/\/agora.xtec.cat\/esc-lasiniamolins\/wp-json\/wp\/v2\/posts\/1438\/revisions\/1459"}],"wp:attachment":[{"href":"https:\/\/agora.xtec.cat\/esc-lasiniamolins\/wp-json\/wp\/v2\/media?parent=1438"}],"wp:term":[{"taxonomy":"category","embeddable":true,"href":"https:\/\/agora.xtec.cat\/esc-lasiniamolins\/wp-json\/wp\/v2\/categories?post=1438"},{"taxonomy":"post_tag","embeddable":true,"href":"https:\/\/agora.xtec.cat\/esc-lasiniamolins\/wp-json\/wp\/v2\/tags?post=1438"}],"curies":[{"name":"wp","href":"https:\/\/api.w.org\/{rel}","templated":true}]}}