{"id":1396,"date":"2021-11-01T19:20:48","date_gmt":"2021-11-01T18:20:48","guid":{"rendered":"https:\/\/agora.xtec.cat\/esc-lasiniamolins\/?p=1396"},"modified":"2021-11-01T19:20:48","modified_gmt":"2021-11-01T18:20:48","slug":"projecte-el-camell","status":"publish","type":"post","link":"https:\/\/agora.xtec.cat\/esc-lasiniamolins\/general\/projecte-el-camell\/","title":{"rendered":"PROJECTE EL CAMELL"},"content":{"rendered":"<p><strong>SORTIDA A L&#8217;EXPOSICI\u00d3: Ess\u00e8ncies de Festa Major.<\/strong><\/p>\n<p>Amb la visita a l&#8217;exposici\u00f3 &#8220;Ess\u00e8ncies de Festa Major&#8221; els infants de P3\u00a0 fan el tret de sortida\u00a0 del seu primer projecte, el Camell.<\/p>\n<p><a href=\"https:\/\/photos.app.goo.gl\/M8MYH4y9K7Xk1mW38\"><img loading=\"lazy\" decoding=\"async\" class=\"alignnone size-large\" src=\"https:\/\/lh3.googleusercontent.com\/jwVz4stQA2bn89KSDK8NtssiQ6kQfvbd14pMYO5RbrCL77r0J-JvEEvY2jyrw9n2VZl66ehT5ll3Q2z9ZV87egSAPBJQ9C1v4_k3OONEZH98-7goieApPGuYnuMqi8gJzPz5V0-Y2MOHcMMB907R0VWJQV794jWVXst6t4QcCkvdF_udY0fxlwhUh6ElkPhbSqhp3xKrHYxC69c2bOjDB6JMJoQvNX8HG-Nh2wl5knn9gtyw-l648MDeenEujgvl3MfsHLy0BpmbBizyqtpGls5nM7YqYMIPQUkL2BkegisvzxsUTl69YIHIVAL6_IbY6E1p9mk7gKT0HDc6C8eKpBV37Bc7ccUQ3SWjIro7lSwFhcPl-W5NyuGDmWmT7-NaP9GtjBOtEjW5bVVq4tk0VbWqPlzt8fss0J79t2lKAvpeyP2-IdwkXdqJeyLxSuZAg683V5VqIvusEk2mFEk-oboEpCiSmBd8PK41oKM_Iv8s9o3PftkHuacYtE3a41aPNV4e7qWlL8Je8-wqlRrT0g5QeMzps7s9Igdf8eqMkLKhRSwJDY-W9pQjcF9DFimizikEKsA9-N48Bi0RXwf5btFGZVG7SiQO9vIQPdTbJykIRA99qOaXlMuDpRP-xQ7ih9-GD46IRx4I2DTWu3t-UIX8qX70_mUsSNerSGKntd37d-a_IduU7KDZXpytHtWPrwNagoYN2N__ArPDzJNPJmw=w650-h866-no?authuser=1\" width=\"650\" height=\"866\" \/><\/a><\/p>\n<p><a href=\"https:\/\/photos.app.goo.gl\/3zeaj3QKv8NsgNwz8\"><img loading=\"lazy\" decoding=\"async\" class=\"alignnone size-large\" src=\"https:\/\/lh3.googleusercontent.com\/fXABeGk64vXFPX4waaBc6aBzWB3fjHFO_oo8oq-o1xHyRVCKluYCJ2a_zBWJe-IOPqEfQbrMAjTbCtMcE4vAamKZbxA8OktKgn8f5ZwjGF--8RxRe7HPdQYpsN1sXxxklLx_8LLaDd8sdrsk7hdAfeAl2pGMaQxkClYpSl6kfW7JqO33IRz0zCcfYXR7jVJS2xT6-WD--aMQEQD60WGJqbyujnb7bS6ioSu0gcdzyCxOZjsxOVAGHtUaPaqufSZ67n_xN1xhMBazJPmeHO9QnTXPKz3EnTlwvrHngzWO7Y1GvhYRaRo-gd0JWSYA2qWzkaIRW2r8FeGpfRzLFLSCw8XmcDwu9F8LSKMUacSUGUXo_0QBGtiM314gG2U0isgQXiXISWWE3GELBeBKb74W3SHOPdeUhR5DOGrvy6D44aVUn63mWvsXsURPLe-O9Sl9GCnem9ov3446Ob7JDeKLqKinzU031jfZ1p1k_zsbTf1g01WFtvCZ2RZugSMqKZfwzOA89u4kw19m9fmEB-WOkkbgiQXVWp1Igv4pJcbcy86wHeTzVsisLJZ_vd5slDb2qNxngTgNAXxpjsmVWhMlIkrLizIPbmRJlwPByJUmFpq8uyy0GF216hLgYUNiOV2KAhSbloedSbEvnmZOmsdhj3AbilCwmmurB6gYuRiWrmOytE51VFo64iOqlFvp7V_JNikpWGrMTZDUsNJBYWW1EgI=w1541-h866-no?authuser=1\" width=\"1541\" height=\"866\" \/><\/a><\/p>\n<p><strong>LA CAPSETA MISTERIOSA<\/strong><\/p>\n<p>Avui a l&#8217;aula de P3 ens ha arribat una petita capseta misteriosa. S&#8217;ha creat una gran expectaci\u00f3 per descobrir que hi havia dins. Abans d&#8217;obrir-la: l&#8217;hem tocada, l&#8217;hem sacsejat, l&#8217;hem olorat i hem anat dient all\u00f2 que pens\u00e0vem que hi podia haver a dins. Hem dit moltes coses, per\u00f2 despr\u00e9s a poc a poc, hem anat treient cadascun dels elements. Entre tots hem\u00a0vist que es tractava de les parts del Camell!!! Quina emoci\u00f3!!! Hem descobert la manteta de la panxa, el cap, la cua, el coll i els ulls.\u00a0 A partir d&#8217;aqu\u00ed hem anat parlant i descobrint el Camell.<\/p>\n<p><a href=\"https:\/\/photos.app.goo.gl\/BiyfgXXgwQxyjhHZ6\"><img loading=\"lazy\" decoding=\"async\" class=\"alignnone size-large\" src=\"https:\/\/lh3.googleusercontent.com\/qtKj92xs7xZTX8OqgoLH8KjAEduu4cYVlvPBM7sboShWme5n8rvihuBZHwgS6Tukpig3QDT-XbTR1PSNW_7Rn12KuYHeVKEDHYk19Sw4cqMNYH0spNtUGxR1Zg7qJ5CBaGLbU98PUY-AxXYlUSTlqjemXZsO8rMSaOt2-HvhUCy7fcyxEJ89xb-IvF4eDaJksYL5RU0p8K5TfKzCa-Y9uw4eQoeOV6shO-sJio50i3OWGFWTmgb0zhUlB855H2nDhkSsxhNYXAyr9qD_fIpAdXzy2boBh99rslcPGtuq8_YIrFuLg521rkux9cYxMEQAGXXsYE6Q3YdYSGRsXvMTWNX8JhWjz2Qbu_hibMcR54-x0YMQ9TDr8GBTNva10YagdW4YQZjKKyP3gsrd445ZCLeztOXw8T0RNq8iMcumrVPhgL2dz_dg7Tjf6K1pKjpPVwzyTYEkleSX34U4DUT4swKdQZAk_NjVaRZycwLWdmt2kk79N4aWK_J_Esu6orDT_hF8xdCoqxqmteG5PRjvjK8qa8uEnzVsHuN1MgsawDPhYOXJ25l2iSivcV-LyeVRdfiTiYvoB10uiGF5gVlzIoy9FgbJqBLljf2b2OWAZ1iCR850ReGBuInYtCBMEvaOcdHelsgdYiJ5meXM85ISUN7xSt3_NKAlFzAL6_LStePNImpf1kAkEjACaqv1JWZm4kLfUvlYg_ijpvuiFbIjbQY=w1155-h866-no?authuser=1\" width=\"1155\" height=\"866\" \/><\/a><\/p>\n<p><a href=\"https:\/\/photos.app.goo.gl\/WzQutcMbAoWhcudC7\"><img loading=\"lazy\" decoding=\"async\" class=\"alignnone size-large\" src=\"https:\/\/lh3.googleusercontent.com\/5pFKngmd1-fGDNqFBwU_lVswfJ4epQ_DYwq4Unz4Xivcuq7x3yqlRb5nJ9_Wf6WhPBPly3AvN1Om3nV1P0YLNaADobcrbtdY8e_04QgHvnyhY_WGyylTTSKcd5nF_R3M70rEwiUepRKNfZBTS0yoOF7gTUGUg01fl8YkZLDTFw45gdF77ZLdEBte-uSzM3rklms6LaeuBAuxJq_rHRCR3Xzcbf2eS-WVoNmI-RenBQPTzae1uKqjY5hl-B-T2k5gSTUuUxgZ53QrOM5fdr4-g94_A4ug38wCEJw0N2pdX2WINrS3CRzNhDjLdjDwBDj4--4sjQE5tDkZ8J-RP_zBUrNZpfUJstAgdG8IHg-P1Vy-VBZ7gA_ir704dUVUAEQL4j3JsNl4y51ZVaw1OBBe2gZMspfr-QadlVYWNQ_6McOkuEwsHIzLIvW06McFBcMAHQZTdiDxuBtjdYSAe8Nv4aRKMKY5B7rI4KAvzQ26Y6tcvN1-i5XvQpDUhg8UF-g16PCNYkH23S49XboB-dfZA8fN-djpEychznsG_4_DRick0_5os5DvoQ4uGabuKsXxgmetjxsrwxAjD9MX98niYGrD_3QFLadDpbAgv1SwXKNr5hlrgSjhRUqXNSzS96WOCKeCBq4J1RiUUqppW3CgTrNzkB3RNH1v-vrs89XucFzIPc_wLiJUIyjptLjsFBLWSDLk_2z29ZPtw1di-pfMASc=w1541-h866-no?authuser=1\" width=\"1541\" height=\"866\" \/><\/a><\/p>\n<p><b>EL CAMELL DE LA S\u00cdNIA<\/b><\/p>\n<p><span style=\"font-weight: 400;\">Aquesta tarda els infants han rebut una visita inesperada!!! El Camell de l\u2019escola els ha convidat a fer gresca i xerinola.<\/span><\/p>\n<p><a href=\"https:\/\/photos.app.goo.gl\/dFT6mhn8RSBGfzaQ7\"><img loading=\"lazy\" decoding=\"async\" class=\"alignnone size-large\" src=\"https:\/\/lh3.googleusercontent.com\/6b0k56oTmBTCu2r5rzJDs-vDPiwBdpemL04BT_AOnAA8GgoR3ZTe6thJx-KgbC2mAs0W_MIGaMRhhzf6iembDyERg3ebIPqgnXkiRSA9edhLngTrgW6C195UhGv0-ZeXzcjPRvf-g0iIYwXRtH-7w6-cwv4cUYINFbujZR4R2jNee51NE_1GZrTD3DpAtF9nNH874PX8Sgo1Ne4WGXqk7z3wa9XFY3Z1JaXWAA8RY4Pbi8AbJiY0Hv1sLq6zyvOd3X_BItR5FUxaQB2VuqYorW5kodZb26mUL3VvB6zgDRhIAr_pg7HWeRUTCGltbkLgM7ms-dSekS2nrXtaFgCHXRHIXL2d3VwrwTXjvfJXVyIJZ0QHtfmYfQS9b5SOhxpa3x2s7sP7xD96gXZwzvNl6yyPRiBDNk7VMu8QaKUcpwE7YAcH2NecezjOQA0oPdImePMqDWhD1QzrA8VwDShtZAUlXQTUhYUHWyAiQ5YlJ_nwidjMBHS6b3YyVjLUfcdrzL5siZssr6RE2m17GganEEk0NqDx_6K8XLF376Dzxqe3NP7pzKasPUug4JtK-llslGz8EXc2SNmuwWscx4wzxKYWYcpnwPMjZEFqhuY-QrtP9pZ3YAYZi30qw5MeLry8u-qVfXnSEkypPeM9GiuQwk8qVZEkGpe9F0v0pI91odeksV1ppqTqg967iEaQT147EMqVQH5cTmwq5zN-U92hHv0=w1155-h866-no?authuser=2\" width=\"1155\" height=\"866\" \/><\/a><\/p>\n<p>&nbsp;<\/p>\n<p>&nbsp;<\/p>\n<p>&nbsp;<\/p>\n","protected":false},"excerpt":{"rendered":"<p>SORTIDA A L&#8217;EXPOSICI\u00d3: Ess\u00e8ncies de Festa Major.<br \/>\nAmb la visita a l&#8217;exposici\u00f3 &#8220;Ess\u00e8ncies de Festa Major&#8221; els infants de P3\u00a0 fan el tret de sortida\u00a0 del seu primer projecte, el Camell.<br \/>\n<a href=\"https:\/\/photos.app.goo.gl\/M8MYH4y9K7Xk1mW38\"><\/a><br \/>\n<a href=\"https:\/\/photos.app.goo.gl\/3zeaj3QKv8NsgNwz8\"><\/a><br \/>\nLA CAPSETA MISTERIOSA<br \/>\nAvui a l&#8217;aula de P3 ens ha arribat una petita capseta misteriosa.&hellip;  <a href=\"https:\/\/agora.xtec.cat\/esc-lasiniamolins\/general\/projecte-el-camell\/\" title=\"Read PROJECTE EL CAMELL\">Llegeix m\u00e9s\u00bb<\/a><\/p>\n","protected":false},"author":1,"featured_media":0,"comment_status":"open","ping_status":"closed","sticky":false,"template":"","format":"standard","meta":{"_bbp_topic_count":0,"_bbp_reply_count":0,"_bbp_total_topic_count":0,"_bbp_total_reply_count":0,"_bbp_voice_count":0,"_bbp_anonymous_reply_count":0,"_bbp_topic_count_hidden":0,"_bbp_reply_count_hidden":0,"_bbp_forum_subforum_count":0,"footnotes":""},"categories":[3,4,1],"tags":[135,76],"class_list":["post-1396","post","type-post","status-publish","format-standard","hentry","category-p3","category-portada","category-general","tag-curs-2020-21","tag-p3"],"post_mailing_queue_ids":[],"_links":{"self":[{"href":"https:\/\/agora.xtec.cat\/esc-lasiniamolins\/wp-json\/wp\/v2\/posts\/1396","targetHints":{"allow":["GET"]}}],"collection":[{"href":"https:\/\/agora.xtec.cat\/esc-lasiniamolins\/wp-json\/wp\/v2\/posts"}],"about":[{"href":"https:\/\/agora.xtec.cat\/esc-lasiniamolins\/wp-json\/wp\/v2\/types\/post"}],"author":[{"embeddable":true,"href":"https:\/\/agora.xtec.cat\/esc-lasiniamolins\/wp-json\/wp\/v2\/users\/1"}],"replies":[{"embeddable":true,"href":"https:\/\/agora.xtec.cat\/esc-lasiniamolins\/wp-json\/wp\/v2\/comments?post=1396"}],"version-history":[{"count":1,"href":"https:\/\/agora.xtec.cat\/esc-lasiniamolins\/wp-json\/wp\/v2\/posts\/1396\/revisions"}],"predecessor-version":[{"id":1397,"href":"https:\/\/agora.xtec.cat\/esc-lasiniamolins\/wp-json\/wp\/v2\/posts\/1396\/revisions\/1397"}],"wp:attachment":[{"href":"https:\/\/agora.xtec.cat\/esc-lasiniamolins\/wp-json\/wp\/v2\/media?parent=1396"}],"wp:term":[{"taxonomy":"category","embeddable":true,"href":"https:\/\/agora.xtec.cat\/esc-lasiniamolins\/wp-json\/wp\/v2\/categories?post=1396"},{"taxonomy":"post_tag","embeddable":true,"href":"https:\/\/agora.xtec.cat\/esc-lasiniamolins\/wp-json\/wp\/v2\/tags?post=1396"}],"curies":[{"name":"wp","href":"https:\/\/api.w.org\/{rel}","templated":true}]}}