{"id":1315,"date":"2021-07-21T17:28:43","date_gmt":"2021-07-21T15:28:43","guid":{"rendered":"https:\/\/agora.xtec.cat\/esc-lasiniamolins\/?p=1315"},"modified":"2021-07-21T17:28:43","modified_gmt":"2021-07-21T15:28:43","slug":"nou-mural-al-pati","status":"publish","type":"post","link":"https:\/\/agora.xtec.cat\/esc-lasiniamolins\/general\/nou-mural-al-pati\/","title":{"rendered":"NOU MURAL AL PATI"},"content":{"rendered":"<p>Durant el tercer trimestre del curs els alumnes de 6\u00e8 hem dut a terme un projecte ben especial. Per tal de poder deixar la nostra empremta a l&#8217;escola, vam tenir la idea de pintar un mural expressant el que significa l&#8217;escola La S\u00ednia per a nosaltres. Despr\u00e9s de tots els cursos viscuts, ten\u00edem moltes idees que vol\u00edem que apareguessin al mural.<\/p>\n<p>Per a realitzar aquest ambici\u00f3s projecte, vam demanar ajuda a una artista local, que a m\u00e9s, va ser alumna de La S\u00ednia fa uns anys. La Connie ens va guiar al llarg de tot el proc\u00e9s creatiu, va agafar les nostres idees i esbossos i va fer una proposta de mural on quedaven recollides diferents emocions i conceptes. Tamb\u00e9 ens va explicar quin \u00e9s el seu proc\u00e9s de creaci\u00f3, quines eines fa servir, quines coses l&#8217;inspiren, etc.<\/p>\n<p><img loading=\"lazy\" decoding=\"async\" class=\"alignnone \" src=\"https:\/\/lh3.googleusercontent.com\/pw\/AM-JKLWI_ik36YmkeONkjRcO1WqmrFWjP0xeVkR6QRnrgeXbRkGOiPLfjDpbFfbqwAW-K6sQIfuxvPmNHbaKzVnOOeFNBl8SXXkBxJbxP3BeovdqG5_L5TTz3Ymv21mI_14KJnAmMxSuWGysa6jMAvDBXLCC4A=w586-h781-no?authuser=0\" width=\"383\" height=\"510\" \/><\/p>\n<p>Un cop ten\u00edem<span style=\"font-family: inherit; font-size: 1em;\">\u00a0la pr<\/span><span style=\"font-family: inherit; font-size: 1em;\">oposta de mural i la bastida ben col\u00b7locad<\/span><span style=\"font-family: inherit; font-size: 1em;\">a, vam anar passant en petits grups i seguint les instruccions de la Connie, vam anar pintant les diferents parts del mural, com podeu observar a les seg\u00fcents <\/span><a style=\"font-family: inherit; font-size: 1em;\" href=\"https:\/\/photos.app.goo.gl\/HWQz9rbpjJnMLHpr6\">imatges<\/a><span style=\"font-family: inherit; font-size: 1em;\">. Ella ha estat qui ha pintat les parts que requerien m\u00e9s detall i expertesa, gr\u00e0cies al seu talent el producte final d&#8217;aquest projecte ha estat espectacular!\u00a0\u00a0<\/span><\/p>\n<p>Finalment, cal destacar que la Connie ha creat aquest <a href=\"https:\/\/drive.google.com\/file\/d\/1R9Wc-DFVq19UcopCZZrhW2l5qdVl8coX\/view\">v\u00eddeo<\/a> per recollir tot el proc\u00e9s creatiu del mural. Esperem que us agradi!<\/p>\n<p><img loading=\"lazy\" decoding=\"async\" class=\"alignnone \" src=\"https:\/\/lh3.googleusercontent.com\/pw\/AM-JKLWnSqzR20bbEC1EfQaMar9iPM4ditRr91x1MmJT-0TRRBxCpPUfCmyjO7J7QAEceQYB0Jn5TwzylIdZ7ro1_aiI7J6M-Pz3DmH0kz3WPpVUK-nmphVgHX6LHWFUFMHkdP51A5lW67K5ds07fjSD6abTRQ=w947-h710-no?authuser=1\" width=\"688\" height=\"516\" \/><\/p>\n","protected":false},"excerpt":{"rendered":"<p>Durant el tercer trimestre del curs els alumnes de 6\u00e8 hem dut a terme un projecte ben especial. Per tal de poder deixar la nostra empremta a l&#8217;escola, vam tenir la idea de pintar un mural expressant el que significa l&#8217;escola La S\u00ednia per a&hellip;  <a href=\"https:\/\/agora.xtec.cat\/esc-lasiniamolins\/general\/nou-mural-al-pati\/\" title=\"Read NOU MURAL AL PATI\">Llegeix m\u00e9s\u00bb<\/a><\/p>\n","protected":false},"author":1,"featured_media":1318,"comment_status":"open","ping_status":"closed","sticky":false,"template":"","format":"standard","meta":{"_bbp_topic_count":0,"_bbp_reply_count":0,"_bbp_total_topic_count":0,"_bbp_total_reply_count":0,"_bbp_voice_count":0,"_bbp_anonymous_reply_count":0,"_bbp_topic_count_hidden":0,"_bbp_reply_count_hidden":0,"_bbp_forum_subforum_count":0,"footnotes":""},"categories":[15,1],"tags":[],"class_list":["post-1315","post","type-post","status-publish","format-standard","has-post-thumbnail","hentry","category-6e","category-general"],"post_mailing_queue_ids":[],"_links":{"self":[{"href":"https:\/\/agora.xtec.cat\/esc-lasiniamolins\/wp-json\/wp\/v2\/posts\/1315","targetHints":{"allow":["GET"]}}],"collection":[{"href":"https:\/\/agora.xtec.cat\/esc-lasiniamolins\/wp-json\/wp\/v2\/posts"}],"about":[{"href":"https:\/\/agora.xtec.cat\/esc-lasiniamolins\/wp-json\/wp\/v2\/types\/post"}],"author":[{"embeddable":true,"href":"https:\/\/agora.xtec.cat\/esc-lasiniamolins\/wp-json\/wp\/v2\/users\/1"}],"replies":[{"embeddable":true,"href":"https:\/\/agora.xtec.cat\/esc-lasiniamolins\/wp-json\/wp\/v2\/comments?post=1315"}],"version-history":[{"count":1,"href":"https:\/\/agora.xtec.cat\/esc-lasiniamolins\/wp-json\/wp\/v2\/posts\/1315\/revisions"}],"predecessor-version":[{"id":1319,"href":"https:\/\/agora.xtec.cat\/esc-lasiniamolins\/wp-json\/wp\/v2\/posts\/1315\/revisions\/1319"}],"wp:featuredmedia":[{"embeddable":true,"href":"https:\/\/agora.xtec.cat\/esc-lasiniamolins\/wp-json\/wp\/v2\/media\/1318"}],"wp:attachment":[{"href":"https:\/\/agora.xtec.cat\/esc-lasiniamolins\/wp-json\/wp\/v2\/media?parent=1315"}],"wp:term":[{"taxonomy":"category","embeddable":true,"href":"https:\/\/agora.xtec.cat\/esc-lasiniamolins\/wp-json\/wp\/v2\/categories?post=1315"},{"taxonomy":"post_tag","embeddable":true,"href":"https:\/\/agora.xtec.cat\/esc-lasiniamolins\/wp-json\/wp\/v2\/tags?post=1315"}],"curies":[{"name":"wp","href":"https:\/\/api.w.org\/{rel}","templated":true}]}}