{"id":1141,"date":"2021-02-17T12:40:43","date_gmt":"2021-02-17T11:40:43","guid":{"rendered":"https:\/\/agora.xtec.cat\/esc-lasiniamolins\/?p=1141"},"modified":"2021-02-24T09:46:16","modified_gmt":"2021-02-24T08:46:16","slug":"fem-mascares-de-guix","status":"publish","type":"post","link":"https:\/\/agora.xtec.cat\/esc-lasiniamolins\/general\/fem-mascares-de-guix\/","title":{"rendered":"FEM M\u00c0SCARES DE GUIX"},"content":{"rendered":"<p>Hola, som els nens i nenes de 6\u00e8 els Encantats,<\/p>\n<p>Aquests dies hem estat fent m\u00e0scares, no podrem fer la rua per\u00f2 s\u00ed podem fer que es noti que \u00e9s Carnaval!<\/p>\n<p>Vam comen\u00e7ar el dia 4 de febrer i el proc\u00e9s va ser el seg\u00fcent: ens vam posar en parelles i vam comen\u00e7ar a tallar el guix, despr\u00e9s ens vam recollir el cabell, aleshores ens vam posar la vaselina i per finalitzar, vam aplicar el guix amb remull a la cara de la nostra parella.<\/p>\n<p><img loading=\"lazy\" decoding=\"async\" class=\"alignnone size-large\" src=\"https:\/\/lh3.googleusercontent.com\/pw\/ACtC-3fDcgruG9d49zbGRBv7zlJk3OsHi0KooNyzf2l75DpnJxIWXU-RrAZgU9mUMH6gvgRkDdKqSM81lcWIqDIyQKFUqnlxQZ9y1zQ005kHR9mwLi7DVUFyIb6IUQT-W7VYMeBjTy8Pbsrtelz-cBdx1dHN=w490-h654-no?authuser=0\" width=\"489\" height=\"654\" \/><img loading=\"lazy\" decoding=\"async\" class=\"alignnone size-large\" src=\"https:\/\/lh3.googleusercontent.com\/pw\/ACtC-3dTSivOMCVDg9Km9c05k9LNAQmHZx2fl-3A6zmBX0n1PdCGqHHW0cjSHBPLasySeDpFV2Mfg5cRiyf4-RcZmgEFzJ438TdVuXDj9DBeIcTFn6q8PO3q6G6R-elR9AXAw6wUtU-bAohbq4ned8ZXJMJs=w490-h654-no?authuser=0\" width=\"489\" height=\"654\" \/><img loading=\"lazy\" decoding=\"async\" class=\"alignnone size-large\" src=\"https:\/\/lh3.googleusercontent.com\/pw\/ACtC-3fFjM177kzD1eibIh2Y9vUylrHZNrFXruJW5pbfZvdTbf-B-2OOjUF7DgFNUT4BV5eR5aLTy7FYqP9RnDia2XELIGyCzWtaI2nsxkACGolKo2G5Oii5INgx4aS2O6yC2eTwIWB1B13haYyyaOA0whu1=w490-h654-no?authuser=0\" width=\"489\" height=\"654\" \/><\/p>\n<p>Despr\u00e9s de tenir el guix sec, vam treure la m\u00e0scara amb molt de compte al nostre company i despr\u00e9s vam tenir la feina de netejar-nos la cara amb aigua i sab\u00f3. Aleshores, la vam deixar assecar i el dia seg\u00fcent la vam acabar-la de retocar amb guix.<\/p>\n<p>Per donar-li color vam pintar-les amb pintura i qui va voler va posar-li purpurina i alguna altra decoraci\u00f3.<\/p>\n<p>Moltes gr\u00e0cies per la vostra atenci\u00f3 i esperem que us hagi agradat. <a href=\"https:\/\/photos.app.goo.gl\/mRP3yDUWdvAgddzHA\">Aqui<\/a> podeu veure totes les fotograf\u00edes del proc\u00e8s de treball.<\/p>\n<p>Els Encantats<\/p>\n","protected":false},"excerpt":{"rendered":"<p>Hola, som els nens i nenes de 6\u00e8 els Encantats,<br \/>\nAquests dies hem estat fent m\u00e0scares, no podrem fer la rua per\u00f2 s\u00ed podem fer que es noti que \u00e9s Carnaval!<br \/>\nVam comen\u00e7ar el dia 4 de febrer i el proc\u00e9s va ser el seg\u00fcent: ens vam&hellip;  <a href=\"https:\/\/agora.xtec.cat\/esc-lasiniamolins\/general\/fem-mascares-de-guix\/\" title=\"Read FEM M\u00c0SCARES DE GUIX\">Llegeix m\u00e9s\u00bb<\/a><\/p>\n","protected":false},"author":1,"featured_media":1143,"comment_status":"open","ping_status":"closed","sticky":false,"template":"","format":"standard","meta":{"_bbp_topic_count":0,"_bbp_reply_count":0,"_bbp_total_topic_count":0,"_bbp_total_reply_count":0,"_bbp_voice_count":0,"_bbp_anonymous_reply_count":0,"_bbp_topic_count_hidden":0,"_bbp_reply_count_hidden":0,"_bbp_forum_subforum_count":0,"footnotes":""},"categories":[15,1],"tags":[],"class_list":["post-1141","post","type-post","status-publish","format-standard","has-post-thumbnail","hentry","category-6e","category-general"],"post_mailing_queue_ids":[],"_links":{"self":[{"href":"https:\/\/agora.xtec.cat\/esc-lasiniamolins\/wp-json\/wp\/v2\/posts\/1141","targetHints":{"allow":["GET"]}}],"collection":[{"href":"https:\/\/agora.xtec.cat\/esc-lasiniamolins\/wp-json\/wp\/v2\/posts"}],"about":[{"href":"https:\/\/agora.xtec.cat\/esc-lasiniamolins\/wp-json\/wp\/v2\/types\/post"}],"author":[{"embeddable":true,"href":"https:\/\/agora.xtec.cat\/esc-lasiniamolins\/wp-json\/wp\/v2\/users\/1"}],"replies":[{"embeddable":true,"href":"https:\/\/agora.xtec.cat\/esc-lasiniamolins\/wp-json\/wp\/v2\/comments?post=1141"}],"version-history":[{"count":2,"href":"https:\/\/agora.xtec.cat\/esc-lasiniamolins\/wp-json\/wp\/v2\/posts\/1141\/revisions"}],"predecessor-version":[{"id":1154,"href":"https:\/\/agora.xtec.cat\/esc-lasiniamolins\/wp-json\/wp\/v2\/posts\/1141\/revisions\/1154"}],"wp:featuredmedia":[{"embeddable":true,"href":"https:\/\/agora.xtec.cat\/esc-lasiniamolins\/wp-json\/wp\/v2\/media\/1143"}],"wp:attachment":[{"href":"https:\/\/agora.xtec.cat\/esc-lasiniamolins\/wp-json\/wp\/v2\/media?parent=1141"}],"wp:term":[{"taxonomy":"category","embeddable":true,"href":"https:\/\/agora.xtec.cat\/esc-lasiniamolins\/wp-json\/wp\/v2\/categories?post=1141"},{"taxonomy":"post_tag","embeddable":true,"href":"https:\/\/agora.xtec.cat\/esc-lasiniamolins\/wp-json\/wp\/v2\/tags?post=1141"}],"curies":[{"name":"wp","href":"https:\/\/api.w.org\/{rel}","templated":true}]}}