{"id":1081,"date":"2020-11-28T00:23:02","date_gmt":"2020-11-27T23:23:02","guid":{"rendered":"https:\/\/agora.xtec.cat\/esc-lasiniamolins\/?p=1081"},"modified":"2020-11-28T00:23:02","modified_gmt":"2020-11-27T23:23:02","slug":"gravem-els-versots","status":"publish","type":"post","link":"https:\/\/agora.xtec.cat\/esc-lasiniamolins\/general\/gravem-els-versots\/","title":{"rendered":"GRAVEM ELS VERSOTS"},"content":{"rendered":"<p style=\"text-align: justify; background: white; vertical-align: baseline; margin: 0cm 0cm 19.5pt 0cm;\"><span style=\"font-size: 11.5pt; font-family: 'Helvetica',sans-serif; color: #373737;\">Aquest curs els alumnes de sis\u00e8 no hem pogut fer el tradicional preg\u00f3 de Festa Major a l\u2019escola, passant per totes les classes, per\u00f2 hem trobat una altra manera de fer-nos escoltar&#8230; Hem gravat els pregons amb el nostre equip de r\u00e0dio!<\/span><\/p>\n<p style=\"text-align: justify; background: white; vertical-align: baseline; outline: 0px; font-variant-ligatures: normal; font-variant-caps: normal; orphans: 2; widows: 2; -webkit-text-stroke-width: 0px; text-decoration-style: initial; text-decoration-color: initial; word-spacing: 0px; margin: 0cm 0cm 19.5pt 0cm;\"><span style=\"font-size: 11.5pt; font-family: 'Helvetica',sans-serif; color: #373737;\">En petits grups hem creat els nostres versots anunciant l\u2019arribada de la Festa Major al poble, tot i que aquest curs no hem pogut gaudir-la a l\u2019escola. Despr\u00e9s d\u2019escriure i assajar els pregons, finalment vam enregistrar-los i va ser una primera pressa de contacte molt engrescadora amb l\u2019equip de r\u00e0dio.<\/span><\/p>\n<p style=\"text-align: justify; background: white; vertical-align: baseline; outline: 0px; font-variant-ligatures: normal; font-variant-caps: normal; orphans: 2; widows: 2; -webkit-text-stroke-width: 0px; text-decoration-style: initial; text-decoration-color: initial; word-spacing: 0px; margin: 0cm 0cm 19.5pt 0cm;\"><span style=\"font-size: 11.5pt; font-family: 'Helvetica',sans-serif; color: #373737;\">Trobareu\u00a0versots de tota mena: marcats per l\u2019humor, la cr\u00edtica, la ironia, etc. Si cliqueu en els seg\u00fcents enlla\u00e7os, trobareu els pregons de cada classe. Esperem que us agradin!<\/span><\/p>\n<p><a href=\"https:\/\/drive.google.com\/drive\/u\/1\/folders\/1dN_6Q8wzParlm1w6MGGFyPON1AWcOEwA\">Agulles d&#8217;Amitges<\/a><\/p>\n<p><a href=\"https:\/\/drive.google.com\/drive\/u\/1\/folders\/1ELUwtz93qEUtNbQzw35WbWLQjxXB0-MD?usp=sharing\">Pic del Portarr\u00f3<\/a><\/p>\n<p><a href=\"https:\/\/drive.google.com\/drive\/u\/1\/folders\/1fUxZCVVEXG5sHBEVG8xMr0Zazog_E54l\">Els Encantats<\/a><\/p>\n<figure class=\"figure wp-caption alignleft\"><a href=\"https:\/\/photos.app.goo.gl\/JTBnaf9jAqaQTW3ZA\"><img loading=\"lazy\" decoding=\"async\" class=\"\" src=\"https:\/\/lh3.googleusercontent.com\/rRCBhdYCxdGAJWnqQQQ8pt1x9uSR8WiSQcp9tTZcdaY-z3yANLqqxvfeWMJJMDEXcXqGEpwoivKJY-u-k8YznCLMWdLHmgvlT47zvxQZWuKNN85F3rPgyfutpFkEcXwsUCihf_iWJIu-Dp4IhrYeBch3XJCmQwapSxVb0acRLB8KxVCv1muzDTxvIxBZ-OTJ6O9VR0VgPuEkzbMpdW63iKjcRsl28l0cfB1B7KZs5xTAiAcGcNCCSH7Man7-OwUC24h1oaToP6IFzruzQIciK_6H_PCp8HU_FKhHgBb_Bl1oK5hq7vVySFrKnwjtm3NfjAiEAVzR2vlz-yh-qB33KRUkxhtBRWBA9MmzRNpf2SEC_CCENOLU0p4TDqasrmMEXX3eUK7eed1THrjMaM35GQDHfadXv9ZPQHdvfvg9AfknBCKt6UncUmuBvgIctODfLSRNlKWTY9LqTBU53f207lw3DVWPmWnhAXUCT5V5oR8XzJLldig-ezuc_XBUTg8mK-TrX1UjJf0aT9PrHlDlf2pu7CJZsozI3tK6r9_bq0xbYJhtlwMTYQqRuM5w5leFBb-yvI2CGB5l-Y5dIotGEyecIsDW4z0cQrJ8mcThMg1tq0nLZSMTwj8F2-yw55AKA93MjVESFUy7KXkHXVSJkC5vW7FGdN92W2YCx1X3-7z1uz566hA91TjTWZ7DBg=w1010-h757-no?authuser=2\" width=\"315\" height=\"236\" \/><\/a><figcaption class=\"wp-caption-text\">Agulles d&#8217;Amitges<\/figcaption><\/figure>\n<figure class=\"figure wp-caption alignleft\"><a href=\"https:\/\/photos.app.goo.gl\/LVB6e2zWRJxXWHby5\"><img loading=\"lazy\" decoding=\"async\" class=\"\" src=\"https:\/\/lh3.googleusercontent.com\/pw\/ACtC-3fT17C4hV3v3ZHHmXawd2M8_XKOWQZZWP_ZMC4EQhqe5zWanv8JSNTx9Gw1jhS_EMYF8DxJoQNqrQkrFzbX6BJVrI2jdWtmq5RmgngEgHpoISDIs8nL95c2rDuCrUeLhpFJxtk9cy528-zqStzCaWsO=w1012-h757-no?authuser=2\" width=\"316\" height=\"237\" \/><\/a><figcaption class=\"wp-caption-text\">Els Encantats<\/figcaption><\/figure>\n","protected":false},"excerpt":{"rendered":"<p>Aquest curs els alumnes de sis\u00e8 no hem pogut fer el tradicional preg\u00f3 de Festa Major a l\u2019escola, passant per totes les classes, per\u00f2 hem trobat una altra manera de fer-nos escoltar&#8230; Hem gravat els pregons amb el nostre equip de r\u00e0dio!<br \/>\nEn petits grups hem&hellip;  <a href=\"https:\/\/agora.xtec.cat\/esc-lasiniamolins\/general\/gravem-els-versots\/\" title=\"Read GRAVEM ELS VERSOTS\">Llegeix m\u00e9s\u00bb<\/a><\/p>\n","protected":false},"author":1,"featured_media":1084,"comment_status":"open","ping_status":"closed","sticky":false,"template":"","format":"standard","meta":{"_bbp_topic_count":0,"_bbp_reply_count":0,"_bbp_total_topic_count":0,"_bbp_total_reply_count":0,"_bbp_voice_count":0,"_bbp_anonymous_reply_count":0,"_bbp_topic_count_hidden":0,"_bbp_reply_count_hidden":0,"_bbp_forum_subforum_count":0,"footnotes":""},"categories":[15,4,1],"tags":[68,70,69,146],"class_list":["post-1081","post","type-post","status-publish","format-standard","has-post-thumbnail","hentry","category-6e","category-portada","category-general","tag-6e","tag-agulles-damitges","tag-els-encantats","tag-pic-del-portarro"],"post_mailing_queue_ids":[],"_links":{"self":[{"href":"https:\/\/agora.xtec.cat\/esc-lasiniamolins\/wp-json\/wp\/v2\/posts\/1081","targetHints":{"allow":["GET"]}}],"collection":[{"href":"https:\/\/agora.xtec.cat\/esc-lasiniamolins\/wp-json\/wp\/v2\/posts"}],"about":[{"href":"https:\/\/agora.xtec.cat\/esc-lasiniamolins\/wp-json\/wp\/v2\/types\/post"}],"author":[{"embeddable":true,"href":"https:\/\/agora.xtec.cat\/esc-lasiniamolins\/wp-json\/wp\/v2\/users\/1"}],"replies":[{"embeddable":true,"href":"https:\/\/agora.xtec.cat\/esc-lasiniamolins\/wp-json\/wp\/v2\/comments?post=1081"}],"version-history":[{"count":3,"href":"https:\/\/agora.xtec.cat\/esc-lasiniamolins\/wp-json\/wp\/v2\/posts\/1081\/revisions"}],"predecessor-version":[{"id":1093,"href":"https:\/\/agora.xtec.cat\/esc-lasiniamolins\/wp-json\/wp\/v2\/posts\/1081\/revisions\/1093"}],"wp:featuredmedia":[{"embeddable":true,"href":"https:\/\/agora.xtec.cat\/esc-lasiniamolins\/wp-json\/wp\/v2\/media\/1084"}],"wp:attachment":[{"href":"https:\/\/agora.xtec.cat\/esc-lasiniamolins\/wp-json\/wp\/v2\/media?parent=1081"}],"wp:term":[{"taxonomy":"category","embeddable":true,"href":"https:\/\/agora.xtec.cat\/esc-lasiniamolins\/wp-json\/wp\/v2\/categories?post=1081"},{"taxonomy":"post_tag","embeddable":true,"href":"https:\/\/agora.xtec.cat\/esc-lasiniamolins\/wp-json\/wp\/v2\/tags?post=1081"}],"curies":[{"name":"wp","href":"https:\/\/api.w.org\/{rel}","templated":true}]}}