{"id":1042,"date":"2020-10-14T13:38:18","date_gmt":"2020-10-14T11:38:18","guid":{"rendered":"https:\/\/agora.xtec.cat\/esc-lasiniamolins\/?p=1042"},"modified":"2020-10-14T13:38:18","modified_gmt":"2020-10-14T11:38:18","slug":"sortida-a-les-escletxes","status":"publish","type":"post","link":"https:\/\/agora.xtec.cat\/esc-lasiniamolins\/general\/sortida-a-les-escletxes\/","title":{"rendered":"SORTIDA A LES ESCLETXES"},"content":{"rendered":"<p align=\"left\"><span style=\"font-size: large;\"><span style=\"font-size: x-large;\">Fa unes setmanes els alumnes de 6\u00e8 vam anar a\u00a0<\/span><strong><span style=\"font-size: x-large;\">Les Escletxes<\/span><\/strong><span style=\"font-size: x-large;\">\u00a0del Papiol.\u26f0<\/span><\/span><\/p>\n<p align=\"left\"><span style=\"font-size: x-large;\">Vam estar des de les 9:45 fins les 16:15, i per aix\u00f2 vam esmorzar i dinar all\u00e0. Tamb\u00e9 volem destacar que vam tornar caminant fins a l&#8217;escola. <\/span><\/p>\n<p align=\"left\"><span style=\"font-size: x-large;\">Si cliqueu en aquest\u00a0<a href=\"https:\/\/serveiseducatius.xtec.cat\/cda-cansantoi\/general\/geolegs-gues-de-la-sinia-investiguen-les-escletxes\/\">enlla\u00e7<\/a> veureu un article que ha escrit sobre la nostra sortida l&#8217;equip del CdA Can Santoi. Per veure fotos de la sortida, feu clic a les <strong>seg\u00fcents imatges:\ud83d\udcf8<\/strong><\/span><\/p>\n<figure class=\"figure wp-caption alignleft\"><a href=\"https:\/\/photos.app.goo.gl\/eqwDAdAreeZQv8Sq8\"><img loading=\"lazy\" decoding=\"async\" class=\"size-large\" src=\"https:\/\/lh3.googleusercontent.com\/pw\/ACtC-3e2HKcsiJRNjTYOU1JmCmz2-eUa2Kv-Iw2_57wqDlaj7xcjoqiMUhHGPIuKTa0yPSkz8zeOa3Lhg1wjW7YUz-uz2el8MFMOs2sHlB9gK_RFDpbmx1mq_wrCfrh20Hx_o5X0mk1xxuRAfUGtF5ABD8I=w758-h568-no?authuser=0\" width=\"758\" height=\"568\" \/><\/a><figcaption class=\"wp-caption-text\">Els Encantats<\/figcaption><\/figure>\n<figure class=\"figure wp-caption alignleft\"><a href=\"https:\/\/photos.app.goo.gl\/cHxjivwAMKhxmMWbA\"><img loading=\"lazy\" decoding=\"async\" class=\"size-large\" src=\"https:\/\/lh3.googleusercontent.com\/pw\/ACtC-3eGNuFdTkGoExyVyZTLs73FKtWt_mq6q33EMVgZ-MX4k58G-SLD36umyuTfDWyVnDb0CkqZhMEpJxJJXmnBiABCqDbEqDebC8i3VbMwP9n3bpovobqyW9FMeOPx0hbMaTeJ_-aFhP_f-Mqbb0QKUMvS=w426-h568-no?authuser=0\" width=\"426\" height=\"568\" \/><\/a><figcaption class=\"wp-caption-text\">Pic del Portarr\u00f3<\/figcaption><\/figure>\n<figure class=\"figure wp-caption alignnone\"><a href=\"https:\/\/photos.google.com\/u\/1\/share\/AF1QipOimMaE8UoIBNFFdxKdpQ1v-_wMTHx0t3oRSPHqTGHpshH15O20zTb-pnYQaVBbJQ?key=TjVnLU5yWW5zNWNEdXA3UFhoWVZhMThnd1psR3Z3\"><img loading=\"lazy\" decoding=\"async\" class=\"size-large\" src=\"https:\/\/lh3.googleusercontent.com\/pw\/ACtC-3es2ezwKpy3ZlG_Ly_6rBvU24gVnfNEMAL3q_-SVW6EltD8lFdj7f_Vx-L9qEnHY0bMkAaM_wRFFTidY2mfm0yygLhrezQEuzHLZzjw9hTQgBzuag1auzrMlk8G0SarGF3AdDSoFXURIpIr40Nm5gc=w1024-h473-no?authuser=1\" width=\"1024\" height=\"472\" \/><\/a><figcaption class=\"wp-caption-text\">Agulles d&#8217;Amitges<\/figcaption><\/figure>\n<p>&nbsp;<\/p>\n","protected":false},"excerpt":{"rendered":"<p>Fa unes setmanes els alumnes de 6\u00e8 vam anar a\u00a0Les Escletxes\u00a0del Papiol.\u26f0<br \/>\nVam estar des de les 9:45 fins les 16:15, i per aix\u00f2 vam esmorzar i dinar all\u00e0. Tamb\u00e9 volem destacar que vam tornar caminant fins a l&#8217;escola.<br \/>\nSi cliqueu en aquest\u00a0<a href=\"https:\/\/serveiseducatius.xtec.cat\/cda-cansantoi\/general\/geolegs-gues-de-la-sinia-investiguen-les-escletxes\/\">enlla\u00e7<\/a> veureu un&hellip;  <a href=\"https:\/\/agora.xtec.cat\/esc-lasiniamolins\/general\/sortida-a-les-escletxes\/\" title=\"Read SORTIDA A LES ESCLETXES\">Llegeix m\u00e9s\u00bb<\/a><\/p>\n","protected":false},"author":1,"featured_media":0,"comment_status":"open","ping_status":"closed","sticky":false,"template":"","format":"standard","meta":{"_bbp_topic_count":0,"_bbp_reply_count":0,"_bbp_total_topic_count":0,"_bbp_total_reply_count":0,"_bbp_voice_count":0,"_bbp_anonymous_reply_count":0,"_bbp_topic_count_hidden":0,"_bbp_reply_count_hidden":0,"_bbp_forum_subforum_count":0,"footnotes":""},"categories":[15,1],"tags":[68,70,69,147,146,16],"class_list":["post-1042","post","type-post","status-publish","format-standard","hentry","category-6e","category-general","tag-6e","tag-agulles-damitges","tag-els-encantats","tag-escletxes","tag-pic-del-portarro","tag-sortides"],"post_mailing_queue_ids":[],"_links":{"self":[{"href":"https:\/\/agora.xtec.cat\/esc-lasiniamolins\/wp-json\/wp\/v2\/posts\/1042","targetHints":{"allow":["GET"]}}],"collection":[{"href":"https:\/\/agora.xtec.cat\/esc-lasiniamolins\/wp-json\/wp\/v2\/posts"}],"about":[{"href":"https:\/\/agora.xtec.cat\/esc-lasiniamolins\/wp-json\/wp\/v2\/types\/post"}],"author":[{"embeddable":true,"href":"https:\/\/agora.xtec.cat\/esc-lasiniamolins\/wp-json\/wp\/v2\/users\/1"}],"replies":[{"embeddable":true,"href":"https:\/\/agora.xtec.cat\/esc-lasiniamolins\/wp-json\/wp\/v2\/comments?post=1042"}],"version-history":[{"count":3,"href":"https:\/\/agora.xtec.cat\/esc-lasiniamolins\/wp-json\/wp\/v2\/posts\/1042\/revisions"}],"predecessor-version":[{"id":1048,"href":"https:\/\/agora.xtec.cat\/esc-lasiniamolins\/wp-json\/wp\/v2\/posts\/1042\/revisions\/1048"}],"wp:attachment":[{"href":"https:\/\/agora.xtec.cat\/esc-lasiniamolins\/wp-json\/wp\/v2\/media?parent=1042"}],"wp:term":[{"taxonomy":"category","embeddable":true,"href":"https:\/\/agora.xtec.cat\/esc-lasiniamolins\/wp-json\/wp\/v2\/categories?post=1042"},{"taxonomy":"post_tag","embeddable":true,"href":"https:\/\/agora.xtec.cat\/esc-lasiniamolins\/wp-json\/wp\/v2\/tags?post=1042"}],"curies":[{"name":"wp","href":"https:\/\/api.w.org\/{rel}","templated":true}]}}