{"id":4189,"date":"2026-09-03T12:33:49","date_gmt":"2026-09-03T10:33:49","guid":{"rendered":"https:\/\/agora.xtec.cat\/esc-larcstmarti\/?p=4189"},"modified":"2026-09-03T12:33:49","modified_gmt":"2026-09-03T10:33:49","slug":"espai-migdia","status":"publish","type":"post","link":"https:\/\/agora.xtec.cat\/esc-larcstmarti\/general\/espai-migdia\/","title":{"rendered":"ESPAI MIGDIA"},"content":{"rendered":"<p dir=\"ltr\">Benvolgudes fam\u00edlies,<\/p>\n<p dir=\"ltr\">Em dic N\u00faria i aquest curs torno a assumir la coordinaci\u00f3 de l\u2019Espai Migdia. Estar\u00e9 a la vostra disposici\u00f3 per atendre qualsevol dubte, consulta o necessitat que pugui sorgir al llarg del curs.<\/p>\n<p dir=\"ltr\">En primer lloc, desitgem que h\u00e0giu gaudit d\u2019un bon estiu i que h\u00e0giu pogut descansar i recuperar energies. Comencem aquest nou curs amb molta il\u00b7lusi\u00f3 i amb ganes de compartir amb els vostres infants un any ple d\u2019aprenentatges, conviv\u00e8ncia i bons moments.<\/p>\n<p dir=\"ltr\">Ens posem en contacte amb vosaltres per donar-vos la benvinguda al Servei d\u2019Espai Migdia del curs 2026-2027 i compartir alguns aspectes importants per comen\u00e7ar el curs amb tota la informaci\u00f3 necess\u00e0ria.<\/p>\n<p dir=\"ltr\"><strong>L\u2019equip de l\u2019Espai de Migdia<\/strong><\/p>\n<p dir=\"ltr\">Durant l\u2019estona de migdia, el nostre principal objectiu \u00e9s oferir als infants un espai segur, acollidor i educatiu, on puguin gaudir de l\u2019\u00e0pat, descansar, jugar, relacionar-se amb els companys i companyes i desenvolupar h\u00e0bits d\u2019autonomia.<\/p>\n<p dir=\"ltr\">L\u2019equip de monitors i monitores ser\u00e0 l\u2019encarregat d\u2019acompanyar els infants durant tota aquesta franja, vetllant pel seu benestar i afavorint un clima de conviv\u00e8ncia, respecte i participaci\u00f3.<\/p>\n<p dir=\"ltr\">Treballarem conjuntament amb l\u2019escola i les fam\u00edlies per garantir el bon funcionament del servei i donar resposta a les necessitats que puguin sorgir durant el curs.<\/p>\n<p dir=\"ltr\"><strong>Inici del servei<\/strong><\/p>\n<p dir=\"ltr\">Us informem que el servei de menjador i les activitats de l\u2019Espai de Migdia comen\u00e7aran el dia 8, ha excepci\u00f3 de I3 que comen\u00e7aran el dia 16.<\/p>\n<p dir=\"ltr\">Durant les primeres setmanes posarem especial atenci\u00f3 a l\u2019adaptaci\u00f3 dels infants, especialment dels m\u00e9s petits, perqu\u00e8 puguin familiaritzar-se amb els espais, els horaris, les rutines i l\u2019equip de monitors i monitores.<\/p>\n<p dir=\"ltr\"><strong>Alguns aspectes importants<\/strong><\/p>\n<p dir=\"ltr\">Us recordem la import\u00e0ncia de comunicar pr\u00e8viament qualsevol informaci\u00f3 relacionada amb:<\/p>\n<p dir=\"ltr\">Al\u00b7l\u00e8rgies o intoler\u00e0ncies aliment\u00e0ries. (Encara que ja les tinguem les teniu que renovar cada any)<\/p>\n<p dir=\"ltr\">Necessitats aliment\u00e0ries espec\u00edfiques.<\/p>\n<p dir=\"ltr\">Canvis puntuals en l\u2019assist\u00e8ncia al servei.<\/p>\n<p dir=\"ltr\">Qualsevol altra q\u00fcesti\u00f3 que pugui afectar el benestar de l\u2019infant durant l\u2019estona de migdia.<\/p>\n<p>&nbsp;<\/p>\n<p dir=\"ltr\"><strong>Atenci\u00f3 a les fam\u00edlies<\/strong><\/p>\n<p dir=\"ltr\">L\u2019horari i l\u2019espai d\u2019atenci\u00f3 presencial ser\u00e0 el seg\u00fcent:<\/p>\n<p dir=\"ltr\">De dilluns a divendres de 8:30h &#8211; 9:30h al menjador (entrada per l&#8217;hort) c\/ Josep Miret 27.<\/p>\n<p dir=\"ltr\">Tamb\u00e9, per qualsevol dubte o consulta, podeu posar-vos en contacte amb nosaltres a trav\u00e9s de:<\/p>\n<p dir=\"ltr\">WhatsApp: 673795357<\/p>\n<p dir=\"ltr\">Correu electr\u00f2nic: nguadalajara@cet10.com<\/p>\n<p dir=\"ltr\">\n<p dir=\"ltr\">Esperem compartir amb vosaltres un curs ple de bons moments i, sobretot, que els vostres infants gaudeixin, aprenguin i se sentin acompanyats durant l\u2019estona de migdia.<\/p>\n<p dir=\"ltr\">Moltes gr\u00e0cies per la vostra confian\u00e7a i col\u00b7laboraci\u00f3.<\/p>\n","protected":false},"excerpt":{"rendered":"<p>Benvolgudes fam\u00edlies, Em dic N\u00faria i aquest curs torno a assumir la coordinaci\u00f3 de l\u2019Espai Migdia. Estar\u00e9 a la vostra disposici\u00f3 per atendre qualsevol dubte, consulta o necessitat que pugui sorgir al llarg del curs. En primer lloc, desitgem que h\u00e0giu gaudit d\u2019un bon estiu i que h\u00e0giu pogut descansar i recuperar energies. Comencem aquest [&hellip;]<\/p>\n","protected":false},"author":1,"featured_media":4136,"comment_status":"open","ping_status":"open","sticky":false,"template":"","format":"standard","meta":{"_bbp_topic_count":0,"_bbp_reply_count":0,"_bbp_total_topic_count":0,"_bbp_total_reply_count":0,"_bbp_voice_count":0,"_bbp_anonymous_reply_count":0,"_bbp_topic_count_hidden":0,"_bbp_reply_count_hidden":0,"_bbp_forum_subforum_count":0,"site-sidebar-layout":"default","site-content-layout":"","ast-site-content-layout":"default","site-content-style":"default","site-sidebar-style":"default","ast-global-header-display":"","ast-banner-title-visibility":"","ast-main-header-display":"","ast-hfb-above-header-display":"","ast-hfb-below-header-display":"","ast-hfb-mobile-header-display":"","site-post-title":"","ast-breadcrumbs-content":"","ast-featured-img":"","footer-sml-layout":"","theme-transparent-header-meta":"default","adv-header-id-meta":"","stick-header-meta":"","header-above-stick-meta":"","header-main-stick-meta":"","header-below-stick-meta":"","astra-migrate-meta-layouts":"set","ast-page-background-enabled":"default","ast-page-background-meta":{"desktop":{"background-color":"var(--ast-global-color-4)","background-image":"","background-repeat":"repeat","background-position":"center center","background-size":"auto","background-attachment":"scroll","background-type":"","background-media":"","overlay-type":"","overlay-color":"","overlay-opacity":"","overlay-gradient":""},"tablet":{"background-color":"","background-image":"","background-repeat":"repeat","background-position":"center center","background-size":"auto","background-attachment":"scroll","background-type":"","background-media":"","overlay-type":"","overlay-color":"","overlay-opacity":"","overlay-gradient":""},"mobile":{"background-color":"","background-image":"","background-repeat":"repeat","background-position":"center center","background-size":"auto","background-attachment":"scroll","background-type":"","background-media":"","overlay-type":"","overlay-color":"","overlay-opacity":"","overlay-gradient":""}},"ast-content-background-meta":{"desktop":{"background-color":"var(--ast-global-color-5)","background-image":"","background-repeat":"repeat","background-position":"center center","background-size":"auto","background-attachment":"scroll","background-type":"","background-media":"","overlay-type":"","overlay-color":"","overlay-opacity":"","overlay-gradient":""},"tablet":{"background-color":"var(--ast-global-color-5)","background-image":"","background-repeat":"repeat","background-position":"center center","background-size":"auto","background-attachment":"scroll","background-type":"","background-media":"","overlay-type":"","overlay-color":"","overlay-opacity":"","overlay-gradient":""},"mobile":{"background-color":"var(--ast-global-color-5)","background-image":"","background-repeat":"repeat","background-position":"center center","background-size":"auto","background-attachment":"scroll","background-type":"","background-media":"","overlay-type":"","overlay-color":"","overlay-opacity":"","overlay-gradient":""}},"footnotes":""},"categories":[1,31,4,5],"tags":[],"class_list":["post-4189","post","type-post","status-publish","format-standard","has-post-thumbnail","hentry","category-general","category-infantil","category-portada","category-primaria"],"post_mailing_queue_ids":[],"_links":{"self":[{"href":"https:\/\/agora.xtec.cat\/esc-larcstmarti\/wp-json\/wp\/v2\/posts\/4189","targetHints":{"allow":["GET"]}}],"collection":[{"href":"https:\/\/agora.xtec.cat\/esc-larcstmarti\/wp-json\/wp\/v2\/posts"}],"about":[{"href":"https:\/\/agora.xtec.cat\/esc-larcstmarti\/wp-json\/wp\/v2\/types\/post"}],"author":[{"embeddable":true,"href":"https:\/\/agora.xtec.cat\/esc-larcstmarti\/wp-json\/wp\/v2\/users\/1"}],"replies":[{"embeddable":true,"href":"https:\/\/agora.xtec.cat\/esc-larcstmarti\/wp-json\/wp\/v2\/comments?post=4189"}],"version-history":[{"count":1,"href":"https:\/\/agora.xtec.cat\/esc-larcstmarti\/wp-json\/wp\/v2\/posts\/4189\/revisions"}],"predecessor-version":[{"id":4190,"href":"https:\/\/agora.xtec.cat\/esc-larcstmarti\/wp-json\/wp\/v2\/posts\/4189\/revisions\/4190"}],"wp:featuredmedia":[{"embeddable":true,"href":"https:\/\/agora.xtec.cat\/esc-larcstmarti\/wp-json\/wp\/v2\/media\/4136"}],"wp:attachment":[{"href":"https:\/\/agora.xtec.cat\/esc-larcstmarti\/wp-json\/wp\/v2\/media?parent=4189"}],"wp:term":[{"taxonomy":"category","embeddable":true,"href":"https:\/\/agora.xtec.cat\/esc-larcstmarti\/wp-json\/wp\/v2\/categories?post=4189"},{"taxonomy":"post_tag","embeddable":true,"href":"https:\/\/agora.xtec.cat\/esc-larcstmarti\/wp-json\/wp\/v2\/tags?post=4189"}],"curies":[{"name":"wp","href":"https:\/\/api.w.org\/{rel}","templated":true}]}}