{"id":4186,"date":"2026-09-03T12:11:35","date_gmt":"2026-09-03T10:11:35","guid":{"rendered":"https:\/\/agora.xtec.cat\/esc-larcstmarti\/?p=4186"},"modified":"2026-09-03T12:11:35","modified_gmt":"2026-09-03T10:11:35","slug":"extraescolars","status":"publish","type":"post","link":"https:\/\/agora.xtec.cat\/esc-larcstmarti\/general\/extraescolars\/","title":{"rendered":"EXTRAESCOLARS"},"content":{"rendered":"<div>Benvolgudes fam\u00edlies,<\/div>\n<div><\/div>\n<div>Em dic N\u00faria Guadalajara i aquest curs torno a assumir la coordinaci\u00f3 de les activitats extraescolars del centre. Estar\u00e9 a la vostra disposici\u00f3 per atendre qualsevol dubte, consulta o necessitat que pugui sorgir.<\/div>\n<div><\/div>\n<div>En primer lloc, desitgem que h\u00e0giu gaudit d\u2019un bon estiu i que h\u00e0giu pogut descansar i recuperar energies. Emprenem aquest nou curs amb molta il\u00b7lusi\u00f3 i amb les piles carregades, preparats i preparades per viure plegats un any ple de descobertes, esport, joc i creixement!<\/div>\n<div><\/div>\n<div>Ens posem en contacte amb vosaltres per donar-vos la benvinguda a les Activitats Extraescolars del curs 2026-2027 de l&#8217;Arc de San Mart\u00ed i compartir alguns aspectes importants per comen\u00e7ar amb tota la informaci\u00f3 necess\u00e0ria.<\/div>\n<div><\/div>\n<div><b>L\u2019equip de coordinaci\u00f3<\/b><\/div>\n<div><\/div>\n<div>Com he comentat a l\u2019inici, aquest curs, la coordinaci\u00f3 de l\u2019activitat anir\u00e0 al meu c\u00e0rrec, amb l\u2019acompanyament de la Eva Espa\u00f1a com a coordinaci\u00f3 pedag\u00f2gica i sota la supervisi\u00f3 de la direcci\u00f3 de l\u2019\u00e0rea educativa de CET10. Aquest treball es realitza en estreta col\u00b7laboraci\u00f3 amb l\u2019AFA i\/o la direcci\u00f3 de l\u2019escola, per tal d\u2019assegurar un desenvolupament \u00f2ptim de l\u2019activitat i una resposta adequada a les necessitats de la comunitat educativa.<\/div>\n<div><\/div>\n<div>Juntament amb l\u2019equip de monitoratge, al qual podreu con\u00e8ixer al llarg de les primeres setmanes, serem les persones de refer\u00e8ncia per a les fam\u00edlies i ens encarregarem de vetllar pel bon funcionament de les activitats, donar suport a l\u2019equip educatiu i acompanyar els infants durant tot el curs. Estarem a la vostra disposici\u00f3 per resoldre dubtes, atendre consultes i donar resposta a qualsevol incid\u00e8ncia o necessitat que pugui sorgir.<\/div>\n<div><\/div>\n<div><b>Inici de les activitats<\/b><\/div>\n<div><\/div>\n<div>Us informem que les activitats que comen\u00e7aran el proper 8 de setembre i 9 de setembre s\u00f3n les seg\u00fcents:<\/div>\n<div><\/div>\n<div><b>Patinatge art\u00edstic<\/b>\u00a0\u2013 Cada dimarts i dijous de 16:30h a 17:45h.<\/div>\n<div><\/div>\n<div><b>Dansa Urbana<\/b>\u00a0\u2013\u00a0 Cada dilluns i dimecres de 16:30h a 17:30h.<\/div>\n<div><\/div>\n<div>Pel que fa a les activitats pendents d\u2019inici, aquestes comen\u00e7aran el proper 5 d&#8217;octubre, i s\u00f3n les seg\u00fcents:<\/div>\n<div><\/div>\n<div><b>Ballem<\/b>\u00a0\u2013 Cada dilluns de 16:30h a 17:30h<\/div>\n<div><\/div>\n<div><b>Nataci\u00f3<\/b>\u2013 Cada dimecres de [horari de l\u2019activitat]<\/div>\n<div><\/div>\n<div><b>Futbol sala<\/b>\u00a0\u2013 Cada dilluns i dimecres de 16:30h a 17:30h<\/div>\n<div><\/div>\n<div>\u2026<\/div>\n<div><b>Material necessari<\/b><\/div>\n<div><\/div>\n<div>A continuaci\u00f3 us indiquem el material que cal que porti l\u2019infant per a cada activitat:<\/div>\n<div><\/div>\n<ul>\n<li>\n<div role=\"presentation\">PATINATGE: Roba c\u00f2mode i esportiva, ampolla d&#8217;aigua i patins de quatre rodes. Adjunto model:<\/div>\n<\/li>\n<\/ul>\n<div><\/div>\n<div><img loading=\"lazy\" decoding=\"async\" id=\"m_-5157798595663360618image_0\" class=\"CToWUd a6T\" tabindex=\"0\" src=\"https:\/\/mail.google.com\/mail\/u\/1?ui=2&amp;ik=56586cc5ae&amp;attid=0.1&amp;permmsgid=msg-f:1875301969775377142&amp;th=1a066934ab0d3af6&amp;view=fimg&amp;fur=ip&amp;permmsgid=msg-f:1875301969775377142&amp;sz=s0-l75-ft&amp;attbid=ANGjdJ_j0Ju8ho_roZmPy6-8s_Kubs2iImhfaejaWjcxcaLbZSelb8I7lMXwHHSdHDrEBGyYQOzNi8TQAzg35dzR6cGG_ydQ6fmWS9Rm6PLHMRHJUTs3kQ3Jnox4QpY&amp;disp=emb&amp;zw\" width=\"186\" height=\"186\" data-image-whitelisted=\"\" data-bit=\"iit\" \/><\/div>\n<div><\/div>\n<ul>\n<li>\n<div role=\"presentation\">DANSA URBANA: Roba c\u00f2mode, esportiva, bambes i l&#8217;ampolla d&#8217;aigua.<\/div>\n<\/li>\n<\/ul>\n<div><\/div>\n<div>En cas que durant el curs sigui necessari algun material espec\u00edfic per a una activitat concreta, us n\u2019informarem amb la suficient antelaci\u00f3.<\/div>\n<div><\/div>\n<div><b>Accessos per la recollida dels infants<\/b><\/div>\n<div><b>\u00a0<\/b><\/div>\n<div>El punt de recollida o sortida ser\u00e0 el seg\u00fcent:<\/div>\n<div><\/div>\n<ul>\n<li>\n<div role=\"presentation\">Per la porta principal de l&#8217;escola (consergeria)<\/div>\n<\/li>\n<\/ul>\n<div><\/div>\n<div>Per afavorir el bon funcionament de les activitats, us preguem puntualitat.<\/div>\n<div><\/div>\n<div><b>Atenci\u00f3 a les fam\u00edlies<\/b><\/div>\n<div><b>\u00a0<\/b><\/div>\n<div>L\u2019horari i l\u2019espai d\u2019atenci\u00f3 presencial ser\u00e0 el seg\u00fcent:<\/div>\n<div><\/div>\n<ul>\n<li>\n<div role=\"presentation\">Cada dilluns de 15:30h a 16:30h<\/div>\n<\/li>\n<\/ul>\n<div><\/div>\n<div><\/div>\n<div>Tamb\u00e9, podeu contactar amb la coordinaci\u00f3 sempre que ho necessiteu a trav\u00e9s dels canals habituals:<\/div>\n<div><\/div>\n<ul>\n<li>\n<div role=\"presentation\">WhatsApp:<b>\u00a0673795357<\/b><\/div>\n<\/li>\n<\/ul>\n<div><\/div>\n<ul>\n<li>\n<div role=\"presentation\">Correu electr\u00f2nic:<b>\u00a0<a href=\"mailto:extraescolarslarcdesantmarti@cet10.com\" target=\"_blank\" rel=\"noopener\">extraescolarslarcdesantmarti@<wbr \/>cet10.com<\/a><\/b><\/div>\n<\/li>\n<\/ul>\n<div><\/div>\n<div><b>Comunicaci\u00f3 d\u2019abs\u00e8ncies i incid\u00e8ncies<\/b><\/div>\n<div><b>\u00a0<\/b><\/div>\n<div>Us demanem que qualsevol abs\u00e8ncia, incid\u00e8ncia o informaci\u00f3 rellevant relacionada amb el vostre fill o filla ens la comuniqueu tan aviat com sigui possible a trav\u00e9s dels canals de contacte indicats anteriorment.<\/div>\n<div>Durant les primeres setmanes del curs poden produir-se ajustos puntuals en grups, espais o horaris, per garantir el bon funcionament de les activitats. En cas que aquests canvis afectin alguna de les activitats en qu\u00e8 participa el vostre fill o filla, us n\u2019informarem directament.<\/div>\n<div><\/div>\n<div>Estarem encantats i encantades d\u2019acompanyar els vostres infants durant aquest nou curs i de compartir amb vosaltres totes les experi\u00e8ncies, aprenentatges i moments que viurem plegats.<\/div>\n<div><\/div>\n<div>Moltes gr\u00e0cies per la confian\u00e7a dipositada en nosaltres.<\/div>\n","protected":false},"excerpt":{"rendered":"<p>Benvolgudes fam\u00edlies, Em dic N\u00faria Guadalajara i aquest curs torno a assumir la coordinaci\u00f3 de les activitats extraescolars del centre. Estar\u00e9 a la vostra disposici\u00f3 per atendre qualsevol dubte, consulta o necessitat que pugui sorgir. En primer lloc, desitgem que h\u00e0giu gaudit d\u2019un bon estiu i que h\u00e0giu pogut descansar i recuperar energies. Emprenem aquest [&hellip;]<\/p>\n","protected":false},"author":1,"featured_media":4187,"comment_status":"open","ping_status":"open","sticky":false,"template":"","format":"standard","meta":{"_bbp_topic_count":0,"_bbp_reply_count":0,"_bbp_total_topic_count":0,"_bbp_total_reply_count":0,"_bbp_voice_count":0,"_bbp_anonymous_reply_count":0,"_bbp_topic_count_hidden":0,"_bbp_reply_count_hidden":0,"_bbp_forum_subforum_count":0,"site-sidebar-layout":"default","site-content-layout":"","ast-site-content-layout":"default","site-content-style":"default","site-sidebar-style":"default","ast-global-header-display":"","ast-banner-title-visibility":"","ast-main-header-display":"","ast-hfb-above-header-display":"","ast-hfb-below-header-display":"","ast-hfb-mobile-header-display":"","site-post-title":"","ast-breadcrumbs-content":"","ast-featured-img":"","footer-sml-layout":"","theme-transparent-header-meta":"default","adv-header-id-meta":"","stick-header-meta":"","header-above-stick-meta":"","header-main-stick-meta":"","header-below-stick-meta":"","astra-migrate-meta-layouts":"set","ast-page-background-enabled":"default","ast-page-background-meta":{"desktop":{"background-color":"var(--ast-global-color-4)","background-image":"","background-repeat":"repeat","background-position":"center center","background-size":"auto","background-attachment":"scroll","background-type":"","background-media":"","overlay-type":"","overlay-color":"","overlay-opacity":"","overlay-gradient":""},"tablet":{"background-color":"","background-image":"","background-repeat":"repeat","background-position":"center center","background-size":"auto","background-attachment":"scroll","background-type":"","background-media":"","overlay-type":"","overlay-color":"","overlay-opacity":"","overlay-gradient":""},"mobile":{"background-color":"","background-image":"","background-repeat":"repeat","background-position":"center center","background-size":"auto","background-attachment":"scroll","background-type":"","background-media":"","overlay-type":"","overlay-color":"","overlay-opacity":"","overlay-gradient":""}},"ast-content-background-meta":{"desktop":{"background-color":"var(--ast-global-color-5)","background-image":"","background-repeat":"repeat","background-position":"center center","background-size":"auto","background-attachment":"scroll","background-type":"","background-media":"","overlay-type":"","overlay-color":"","overlay-opacity":"","overlay-gradient":""},"tablet":{"background-color":"var(--ast-global-color-5)","background-image":"","background-repeat":"repeat","background-position":"center center","background-size":"auto","background-attachment":"scroll","background-type":"","background-media":"","overlay-type":"","overlay-color":"","overlay-opacity":"","overlay-gradient":""},"mobile":{"background-color":"var(--ast-global-color-5)","background-image":"","background-repeat":"repeat","background-position":"center center","background-size":"auto","background-attachment":"scroll","background-type":"","background-media":"","overlay-type":"","overlay-color":"","overlay-opacity":"","overlay-gradient":""}},"footnotes":""},"categories":[1,4],"tags":[],"class_list":["post-4186","post","type-post","status-publish","format-standard","has-post-thumbnail","hentry","category-general","category-portada"],"post_mailing_queue_ids":[],"_links":{"self":[{"href":"https:\/\/agora.xtec.cat\/esc-larcstmarti\/wp-json\/wp\/v2\/posts\/4186","targetHints":{"allow":["GET"]}}],"collection":[{"href":"https:\/\/agora.xtec.cat\/esc-larcstmarti\/wp-json\/wp\/v2\/posts"}],"about":[{"href":"https:\/\/agora.xtec.cat\/esc-larcstmarti\/wp-json\/wp\/v2\/types\/post"}],"author":[{"embeddable":true,"href":"https:\/\/agora.xtec.cat\/esc-larcstmarti\/wp-json\/wp\/v2\/users\/1"}],"replies":[{"embeddable":true,"href":"https:\/\/agora.xtec.cat\/esc-larcstmarti\/wp-json\/wp\/v2\/comments?post=4186"}],"version-history":[{"count":1,"href":"https:\/\/agora.xtec.cat\/esc-larcstmarti\/wp-json\/wp\/v2\/posts\/4186\/revisions"}],"predecessor-version":[{"id":4188,"href":"https:\/\/agora.xtec.cat\/esc-larcstmarti\/wp-json\/wp\/v2\/posts\/4186\/revisions\/4188"}],"wp:featuredmedia":[{"embeddable":true,"href":"https:\/\/agora.xtec.cat\/esc-larcstmarti\/wp-json\/wp\/v2\/media\/4187"}],"wp:attachment":[{"href":"https:\/\/agora.xtec.cat\/esc-larcstmarti\/wp-json\/wp\/v2\/media?parent=4186"}],"wp:term":[{"taxonomy":"category","embeddable":true,"href":"https:\/\/agora.xtec.cat\/esc-larcstmarti\/wp-json\/wp\/v2\/categories?post=4186"},{"taxonomy":"post_tag","embeddable":true,"href":"https:\/\/agora.xtec.cat\/esc-larcstmarti\/wp-json\/wp\/v2\/tags?post=4186"}],"curies":[{"name":"wp","href":"https:\/\/api.w.org\/{rel}","templated":true}]}}