{"id":989,"date":"2023-04-23T22:43:00","date_gmt":"2023-04-23T20:43:00","guid":{"rendered":"https:\/\/agora.xtec.cat\/esc-laplana\/?p=989"},"modified":"2023-04-23T22:43:00","modified_gmt":"2023-04-23T20:43:00","slug":"tallers-deducacio-ambiental","status":"publish","type":"post","link":"https:\/\/agora.xtec.cat\/esc-laplana\/general\/tallers-deducacio-ambiental\/","title":{"rendered":"Tallers d&#8217;Educaci\u00f3 Ambiental"},"content":{"rendered":"<p>Dins del Pla Educatiu d&#8217;Entorn que organitza l&#8217;Ajuntament de Vila-Seca l&#8217;alumnat de l&#8217;escola pot realitzar algunes activitats relacionades amb el patrimoni cultural i natural del municipi. Fa uns dies va ser el torn dels\/les alumnes de 5\u00e8. Aqu\u00ed teniu un v\u00eddeo de totes les activitats que van fer. Va ser un dia mooolt cansat per\u00f2 va valdre la pena. Una activitat genial!<\/p>\n<p><iframe loading=\"lazy\" src=\"https:\/\/drive.google.com\/file\/d\/1aQF6JEX09lKILcG0b44448qWIumuLfET\/preview\" width=\"640\" height=\"480\"><\/iframe><\/p>\n","protected":false},"excerpt":{"rendered":"<p>Dins del Pla Educatiu d&#8217;Entorn que organitza l&#8217;Ajuntament de Vila-Seca l&#8217;alumnat de l&#8217;escola pot realitzar algunes activitats relacionades amb el patrimoni cultural i natural del municipi. Fa uns dies va ser el torn dels\/les alumnes de 5\u00e8. Aqu\u00ed teniu un v\u00eddeo de totes les activitats&hellip;  <a href=\"https:\/\/agora.xtec.cat\/esc-laplana\/general\/tallers-deducacio-ambiental\/\" title=\"Read Tallers d&#8217;Educaci\u00f3 Ambiental\">Llegeix m\u00e9s\u00bb<\/a><\/p>\n","protected":false},"author":1,"featured_media":670,"comment_status":"open","ping_status":"closed","sticky":false,"template":"","format":"standard","meta":{"_bbp_topic_count":0,"_bbp_reply_count":0,"_bbp_total_topic_count":0,"_bbp_total_reply_count":0,"_bbp_voice_count":0,"_bbp_anonymous_reply_count":0,"_bbp_topic_count_hidden":0,"_bbp_reply_count_hidden":0,"_bbp_forum_subforum_count":0,"footnotes":""},"categories":[14,1,4,5],"tags":[],"class_list":["post-989","post","type-post","status-publish","format-standard","has-post-thumbnail","hentry","category-promo-15-23","category-general","category-portada","category-primaria"],"post_mailing_queue_ids":[],"_links":{"self":[{"href":"https:\/\/agora.xtec.cat\/esc-laplana\/wp-json\/wp\/v2\/posts\/989","targetHints":{"allow":["GET"]}}],"collection":[{"href":"https:\/\/agora.xtec.cat\/esc-laplana\/wp-json\/wp\/v2\/posts"}],"about":[{"href":"https:\/\/agora.xtec.cat\/esc-laplana\/wp-json\/wp\/v2\/types\/post"}],"author":[{"embeddable":true,"href":"https:\/\/agora.xtec.cat\/esc-laplana\/wp-json\/wp\/v2\/users\/1"}],"replies":[{"embeddable":true,"href":"https:\/\/agora.xtec.cat\/esc-laplana\/wp-json\/wp\/v2\/comments?post=989"}],"version-history":[{"count":1,"href":"https:\/\/agora.xtec.cat\/esc-laplana\/wp-json\/wp\/v2\/posts\/989\/revisions"}],"predecessor-version":[{"id":990,"href":"https:\/\/agora.xtec.cat\/esc-laplana\/wp-json\/wp\/v2\/posts\/989\/revisions\/990"}],"wp:featuredmedia":[{"embeddable":true,"href":"https:\/\/agora.xtec.cat\/esc-laplana\/wp-json\/wp\/v2\/media\/670"}],"wp:attachment":[{"href":"https:\/\/agora.xtec.cat\/esc-laplana\/wp-json\/wp\/v2\/media?parent=989"}],"wp:term":[{"taxonomy":"category","embeddable":true,"href":"https:\/\/agora.xtec.cat\/esc-laplana\/wp-json\/wp\/v2\/categories?post=989"},{"taxonomy":"post_tag","embeddable":true,"href":"https:\/\/agora.xtec.cat\/esc-laplana\/wp-json\/wp\/v2\/tags?post=989"}],"curies":[{"name":"wp","href":"https:\/\/api.w.org\/{rel}","templated":true}]}}