{"id":983,"date":"2023-04-18T23:15:47","date_gmt":"2023-04-18T21:15:47","guid":{"rendered":"https:\/\/agora.xtec.cat\/esc-laplana\/?p=983"},"modified":"2023-04-18T23:15:47","modified_gmt":"2023-04-18T21:15:47","slug":"projecte-abracam-formacio-en-primers-auxilis","status":"publish","type":"post","link":"https:\/\/agora.xtec.cat\/esc-laplana\/portada\/projecte-abracam-formacio-en-primers-auxilis\/","title":{"rendered":"Projecte &#8220;Abra\u00e7a&#8217;m&#8221; formaci\u00f3 en primers auxilis"},"content":{"rendered":"<p>Els professionals de medicina i d\u2019infermeria del CAR Salou continuen amb la formaci\u00f3 del <strong>&#8220;Projecte Abra\u00e7a\u2019m&#8221;<\/strong> als restauradors, hoteles i alguns centres escolars per garantir una atenci\u00f3 immediata de qualitat en episodis d\u2019ennuegament i situacions que requereixin primers auxilis.<\/p>\n<p>Durant la Setmana de la Salut les monitores de menjador van rebre aquesta formaci\u00f3 i aquesta setmana ha estat el torn dels\/les mestres de l&#8217;escola.<\/p>\n<p>Volem donar les gr\u00e0cies als professionals que es van despla\u00e7ar fins al nostre centre i ens van fer aquesta sessi\u00f3 tan interessant i necess\u00e0ria.<\/p>\n<p><img loading=\"lazy\" decoding=\"async\" class=\"alignnone size-large wp-image-984\" src=\"https:\/\/agora.xtec.cat\/esc-laplana\/wp-content\/uploads\/usu2664\/2023\/04\/IMG_20230417_202811-1024x1024.jpg\" alt=\"\" width=\"1024\" height=\"1024\" srcset=\"https:\/\/agora.xtec.cat\/esc-laplana\/wp-content\/uploads\/usu2664\/2023\/04\/IMG_20230417_202811-1024x1024.jpg 1024w, https:\/\/agora.xtec.cat\/esc-laplana\/wp-content\/uploads\/usu2664\/2023\/04\/IMG_20230417_202811-300x300.jpg 300w, https:\/\/agora.xtec.cat\/esc-laplana\/wp-content\/uploads\/usu2664\/2023\/04\/IMG_20230417_202811-150x150.jpg 150w, https:\/\/agora.xtec.cat\/esc-laplana\/wp-content\/uploads\/usu2664\/2023\/04\/IMG_20230417_202811-768x768.jpg 768w, https:\/\/agora.xtec.cat\/esc-laplana\/wp-content\/uploads\/usu2664\/2023\/04\/IMG_20230417_202811-1536x1536.jpg 1536w, https:\/\/agora.xtec.cat\/esc-laplana\/wp-content\/uploads\/usu2664\/2023\/04\/IMG_20230417_202811.jpg 1564w\" sizes=\"auto, (max-width: 1024px) 100vw, 1024px\" \/><\/p>\n","protected":false},"excerpt":{"rendered":"<p>Els professionals de medicina i d\u2019infermeria del CAR Salou continuen amb la formaci\u00f3 del &#8220;Projecte Abra\u00e7a\u2019m&#8221; als restauradors, hoteles i alguns centres escolars per garantir una atenci\u00f3 immediata de qualitat en episodis d\u2019ennuegament i situacions que requereixin primers auxilis.<br \/>\nDurant la Setmana de la Salut les&hellip;  <a href=\"https:\/\/agora.xtec.cat\/esc-laplana\/portada\/projecte-abracam-formacio-en-primers-auxilis\/\" title=\"Read Projecte &#8220;Abra\u00e7a&#8217;m&#8221; formaci\u00f3 en primers auxilis\">Llegeix m\u00e9s\u00bb<\/a><\/p>\n","protected":false},"author":1,"featured_media":840,"comment_status":"open","ping_status":"closed","sticky":false,"template":"","format":"standard","meta":{"_bbp_topic_count":0,"_bbp_reply_count":0,"_bbp_total_topic_count":0,"_bbp_total_reply_count":0,"_bbp_voice_count":0,"_bbp_anonymous_reply_count":0,"_bbp_topic_count_hidden":0,"_bbp_reply_count_hidden":0,"_bbp_forum_subforum_count":0,"footnotes":""},"categories":[4],"tags":[],"class_list":["post-983","post","type-post","status-publish","format-standard","has-post-thumbnail","hentry","category-portada"],"post_mailing_queue_ids":[],"_links":{"self":[{"href":"https:\/\/agora.xtec.cat\/esc-laplana\/wp-json\/wp\/v2\/posts\/983","targetHints":{"allow":["GET"]}}],"collection":[{"href":"https:\/\/agora.xtec.cat\/esc-laplana\/wp-json\/wp\/v2\/posts"}],"about":[{"href":"https:\/\/agora.xtec.cat\/esc-laplana\/wp-json\/wp\/v2\/types\/post"}],"author":[{"embeddable":true,"href":"https:\/\/agora.xtec.cat\/esc-laplana\/wp-json\/wp\/v2\/users\/1"}],"replies":[{"embeddable":true,"href":"https:\/\/agora.xtec.cat\/esc-laplana\/wp-json\/wp\/v2\/comments?post=983"}],"version-history":[{"count":1,"href":"https:\/\/agora.xtec.cat\/esc-laplana\/wp-json\/wp\/v2\/posts\/983\/revisions"}],"predecessor-version":[{"id":985,"href":"https:\/\/agora.xtec.cat\/esc-laplana\/wp-json\/wp\/v2\/posts\/983\/revisions\/985"}],"wp:featuredmedia":[{"embeddable":true,"href":"https:\/\/agora.xtec.cat\/esc-laplana\/wp-json\/wp\/v2\/media\/840"}],"wp:attachment":[{"href":"https:\/\/agora.xtec.cat\/esc-laplana\/wp-json\/wp\/v2\/media?parent=983"}],"wp:term":[{"taxonomy":"category","embeddable":true,"href":"https:\/\/agora.xtec.cat\/esc-laplana\/wp-json\/wp\/v2\/categories?post=983"},{"taxonomy":"post_tag","embeddable":true,"href":"https:\/\/agora.xtec.cat\/esc-laplana\/wp-json\/wp\/v2\/tags?post=983"}],"curies":[{"name":"wp","href":"https:\/\/api.w.org\/{rel}","templated":true}]}}