{"id":931,"date":"2023-04-11T23:22:42","date_gmt":"2023-04-11T21:22:42","guid":{"rendered":"https:\/\/agora.xtec.cat\/esc-laplana\/?p=931"},"modified":"2023-04-11T23:22:42","modified_gmt":"2023-04-11T21:22:42","slug":"setmana-de-la-salut-22-23","status":"publish","type":"post","link":"https:\/\/agora.xtec.cat\/esc-laplana\/general\/setmana-de-la-salut-22-23\/","title":{"rendered":"Setmana de la salut 22-23"},"content":{"rendered":"<p>Com ja sabeu vam acabar el 2n trimestre celebrant la &#8220;XI Setmana de la Salut&#8221;. La setmana va comen\u00e7ar amb la rebuda del nostre estimat C\u00e0rdio on vam poder ballar i cantar, fer coreografies amb la mestra Anna i berenar totes les fruites que vam portar per compartir amb els\/les nostres companys\/es.<\/p>\n<p>Van ser uns dies amb activitats molt variades on l&#8217;alimentaci\u00f3 saludable i la pr\u00e0ctica de l&#8217;esport eren els continguts claus. Vam realitzar tallers sobre la Salut i persones expertes del CAP de Vila-Seca ens van explicar coses sobre el nostre cos i les emocions. Vam fer un taller de ioga, vam llegir i jugar a jocs de taula saludables, vam fer receptes,&#8230;i despr\u00e9s de collir els nostres propis cal\u00e7ots de l&#8217;hort la mestra Joana i l&#8217;Emilio ens van preparar una magn\u00edfica cal\u00e7otada. Per les fam\u00edlies l&#8217;Alba tamb\u00e9 va fer una xerrada sobre h\u00e0bits saludables.<\/p>\n<p>Dijous per la tarda, ens va visitar en Joan Ferrer, dues vegades l&#8217;home m\u00e9s for\u00e7ut de la Liga de la Fuerza (Strongman) i ens va fer un demostraci\u00f3 de for\u00e7a al.lucinant.<\/p>\n<p>La setmana va acabar amb la celebraci\u00f3 de les Olimp\u00edades Escolars al Camp d&#8217;Esports Municipal de Vila-Seca on la Maria i la resta dels\/les mestres van preparar unes proves molt divertides. Esperem que en tingueu un bon record.<\/p>\n<p><strong>Nom\u00e9s ens cal donar les gr\u00e0cies a totes les persones professionals i\/o volunt\u00e0ries i als\/les mestres, fam\u00edlies,&#8230; que van voler ajudar-nos a que aquesta setmana fos un \u00e8xit.<\/strong><\/p>\n<p>Voleu veure com ho hem passat? Mireu, mireu!<\/p>\n<p><iframe loading=\"lazy\" src=\"https:\/\/drive.google.com\/file\/d\/1pKB61QTf87bdrIa-DRlqMReEbU0YKBt_\/preview\" width=\"640\" height=\"480\"><\/iframe><br \/>\n<iframe loading=\"lazy\" src=\"https:\/\/drive.google.com\/file\/d\/11vuTusFwQJsHXEhLJ34bh_fhPNZaKa9t\/preview\" width=\"640\" height=\"480\"><\/iframe><\/p>\n","protected":false},"excerpt":{"rendered":"<p>Com ja sabeu vam acabar el 2n trimestre celebrant la &#8220;XI Setmana de la Salut&#8221;. La setmana va comen\u00e7ar amb la rebuda del nostre estimat C\u00e0rdio on vam poder ballar i cantar, fer coreografies amb la mestra Anna i berenar totes les fruites que vam&hellip;  <a href=\"https:\/\/agora.xtec.cat\/esc-laplana\/general\/setmana-de-la-salut-22-23\/\" title=\"Read Setmana de la salut 22-23\">Llegeix m\u00e9s\u00bb<\/a><\/p>\n","protected":false},"author":1,"featured_media":835,"comment_status":"open","ping_status":"closed","sticky":false,"template":"","format":"standard","meta":{"_bbp_topic_count":0,"_bbp_reply_count":0,"_bbp_total_topic_count":0,"_bbp_total_reply_count":0,"_bbp_voice_count":0,"_bbp_anonymous_reply_count":0,"_bbp_topic_count_hidden":0,"_bbp_reply_count_hidden":0,"_bbp_forum_subforum_count":0,"footnotes":""},"categories":[1,2,4,5],"tags":[],"class_list":["post-931","post","type-post","status-publish","format-standard","has-post-thumbnail","hentry","category-general","category-i4-promo-24-32","category-portada","category-primaria"],"post_mailing_queue_ids":[],"_links":{"self":[{"href":"https:\/\/agora.xtec.cat\/esc-laplana\/wp-json\/wp\/v2\/posts\/931","targetHints":{"allow":["GET"]}}],"collection":[{"href":"https:\/\/agora.xtec.cat\/esc-laplana\/wp-json\/wp\/v2\/posts"}],"about":[{"href":"https:\/\/agora.xtec.cat\/esc-laplana\/wp-json\/wp\/v2\/types\/post"}],"author":[{"embeddable":true,"href":"https:\/\/agora.xtec.cat\/esc-laplana\/wp-json\/wp\/v2\/users\/1"}],"replies":[{"embeddable":true,"href":"https:\/\/agora.xtec.cat\/esc-laplana\/wp-json\/wp\/v2\/comments?post=931"}],"version-history":[{"count":1,"href":"https:\/\/agora.xtec.cat\/esc-laplana\/wp-json\/wp\/v2\/posts\/931\/revisions"}],"predecessor-version":[{"id":932,"href":"https:\/\/agora.xtec.cat\/esc-laplana\/wp-json\/wp\/v2\/posts\/931\/revisions\/932"}],"wp:featuredmedia":[{"embeddable":true,"href":"https:\/\/agora.xtec.cat\/esc-laplana\/wp-json\/wp\/v2\/media\/835"}],"wp:attachment":[{"href":"https:\/\/agora.xtec.cat\/esc-laplana\/wp-json\/wp\/v2\/media?parent=931"}],"wp:term":[{"taxonomy":"category","embeddable":true,"href":"https:\/\/agora.xtec.cat\/esc-laplana\/wp-json\/wp\/v2\/categories?post=931"},{"taxonomy":"post_tag","embeddable":true,"href":"https:\/\/agora.xtec.cat\/esc-laplana\/wp-json\/wp\/v2\/tags?post=931"}],"curies":[{"name":"wp","href":"https:\/\/api.w.org\/{rel}","templated":true}]}}