{"id":923,"date":"2023-03-21T20:07:49","date_gmt":"2023-03-21T19:07:49","guid":{"rendered":"https:\/\/agora.xtec.cat\/esc-laplana\/?p=923"},"modified":"2023-03-21T20:07:49","modified_gmt":"2023-03-21T19:07:49","slug":"dia-mundial-de-la-poesia-2023","status":"publish","type":"post","link":"https:\/\/agora.xtec.cat\/esc-laplana\/general\/dia-mundial-de-la-poesia-2023\/","title":{"rendered":"Dia Mundial de la Poesia 2023"},"content":{"rendered":"<p>Avui 21 de mar\u00e7 es celebra el Dia Mundial de la Poesia (DMP). Per aquest motiu tot l&#8217;alumnat de l&#8217;escola hem anat al gimn\u00e0s a llegir poemes. Aquest any hem escollit poesies relacionades amb el m\u00f3n de la ci\u00e8ncia. Despr\u00e9s la nostra companya Ainara ha anat a la Resid\u00e8ncia d&#8217;avis i \u00e0vies de Vila-seca a recitar poemes juntament amb les altres escoles del municipi.<br \/>\n<iframe loading=\"lazy\" src=\"https:\/\/drive.google.com\/file\/d\/1nOGK3x4g1KyE-XwGp5xaN9Owvm1YrLLG\/preview\" width=\"640\" height=\"480\"><\/iframe><\/p>\n<p>&nbsp;<\/p>\n<p><iframe loading=\"lazy\" src=\"https:\/\/drive.google.com\/file\/d\/1T0adb6HVBj569UFlL8KQF7JsAT_Xd22T\/preview\" width=\"640\" height=\"480\"><\/iframe><\/p>\n<p>En la setzena edici\u00f3 del DMP, la <strong>Instituci\u00f3 de Lletres Catalanes<\/strong> ha escollit el poema \u201cTant si baixes la vista vers la immunda\u201d de Francesc Vicent Garcia, de qui enguany commemorem el quatricentenari de la mort. Us adjuntem el poema escrit i la versi\u00f3 en llengua de signes.<\/p>\n<p><img loading=\"lazy\" decoding=\"async\" class=\"alignnone  wp-image-926\" src=\"https:\/\/agora.xtec.cat\/esc-laplana\/wp-content\/uploads\/usu2664\/2023\/03\/Captura-de-pantalla-2023-03-21-a-les-20.01.55.png\" alt=\"\" width=\"512\" height=\"572\" srcset=\"https:\/\/agora.xtec.cat\/esc-laplana\/wp-content\/uploads\/usu2664\/2023\/03\/Captura-de-pantalla-2023-03-21-a-les-20.01.55.png 750w, https:\/\/agora.xtec.cat\/esc-laplana\/wp-content\/uploads\/usu2664\/2023\/03\/Captura-de-pantalla-2023-03-21-a-les-20.01.55-268x300.png 268w\" sizes=\"auto, (max-width: 512px) 100vw, 512px\" \/><\/p>\n<p><a href=\"https:\/\/www.youtube.com\/watch?v=yp1Mjz_aQVE&amp;list=PLS0qOndarVVxTdUNy_Uph7JV6jC8KmL4n&amp;index=2&amp;t=2s\">https:\/\/www.youtube.com\/watch?v=yp1Mjz_aQVE&amp;list=PLS0qOndarVVxTdUNy_Uph7JV6jC8KmL4n&amp;index=2&amp;t=2s<\/a><\/p>\n<p>&nbsp;<\/p>\n","protected":false},"excerpt":{"rendered":"<p>Avui 21 de mar\u00e7 es celebra el Dia Mundial de la Poesia (DMP). Per aquest motiu tot l&#8217;alumnat de l&#8217;escola hem anat al gimn\u00e0s a llegir poemes. Aquest any hem escollit poesies relacionades amb el m\u00f3n de la ci\u00e8ncia. Despr\u00e9s la nostra companya Ainara ha&hellip;  <a href=\"https:\/\/agora.xtec.cat\/esc-laplana\/general\/dia-mundial-de-la-poesia-2023\/\" title=\"Read Dia Mundial de la Poesia 2023\">Llegeix m\u00e9s\u00bb<\/a><\/p>\n","protected":false},"author":1,"featured_media":926,"comment_status":"open","ping_status":"closed","sticky":false,"template":"","format":"standard","meta":{"_bbp_topic_count":0,"_bbp_reply_count":0,"_bbp_total_topic_count":0,"_bbp_total_reply_count":0,"_bbp_voice_count":0,"_bbp_anonymous_reply_count":0,"_bbp_topic_count_hidden":0,"_bbp_reply_count_hidden":0,"_bbp_forum_subforum_count":0,"footnotes":""},"categories":[1,2,4,5],"tags":[],"class_list":["post-923","post","type-post","status-publish","format-standard","has-post-thumbnail","hentry","category-general","category-i4-promo-24-32","category-portada","category-primaria"],"post_mailing_queue_ids":[],"_links":{"self":[{"href":"https:\/\/agora.xtec.cat\/esc-laplana\/wp-json\/wp\/v2\/posts\/923","targetHints":{"allow":["GET"]}}],"collection":[{"href":"https:\/\/agora.xtec.cat\/esc-laplana\/wp-json\/wp\/v2\/posts"}],"about":[{"href":"https:\/\/agora.xtec.cat\/esc-laplana\/wp-json\/wp\/v2\/types\/post"}],"author":[{"embeddable":true,"href":"https:\/\/agora.xtec.cat\/esc-laplana\/wp-json\/wp\/v2\/users\/1"}],"replies":[{"embeddable":true,"href":"https:\/\/agora.xtec.cat\/esc-laplana\/wp-json\/wp\/v2\/comments?post=923"}],"version-history":[{"count":1,"href":"https:\/\/agora.xtec.cat\/esc-laplana\/wp-json\/wp\/v2\/posts\/923\/revisions"}],"predecessor-version":[{"id":927,"href":"https:\/\/agora.xtec.cat\/esc-laplana\/wp-json\/wp\/v2\/posts\/923\/revisions\/927"}],"wp:featuredmedia":[{"embeddable":true,"href":"https:\/\/agora.xtec.cat\/esc-laplana\/wp-json\/wp\/v2\/media\/926"}],"wp:attachment":[{"href":"https:\/\/agora.xtec.cat\/esc-laplana\/wp-json\/wp\/v2\/media?parent=923"}],"wp:term":[{"taxonomy":"category","embeddable":true,"href":"https:\/\/agora.xtec.cat\/esc-laplana\/wp-json\/wp\/v2\/categories?post=923"},{"taxonomy":"post_tag","embeddable":true,"href":"https:\/\/agora.xtec.cat\/esc-laplana\/wp-json\/wp\/v2\/tags?post=923"}],"curies":[{"name":"wp","href":"https:\/\/api.w.org\/{rel}","templated":true}]}}