{"id":907,"date":"2023-02-28T23:07:13","date_gmt":"2023-02-28T22:07:13","guid":{"rendered":"https:\/\/agora.xtec.cat\/esc-laplana\/?p=907"},"modified":"2023-02-28T23:36:43","modified_gmt":"2023-02-28T22:36:43","slug":"carnaval-a-lescola","status":"publish","type":"post","link":"https:\/\/agora.xtec.cat\/esc-laplana\/general\/carnaval-a-lescola\/","title":{"rendered":"Carnaval a l&#8217;escola!"},"content":{"rendered":"<p>Aquest curs el Carnaval ha estat dedicat a la Matem\u00e0tica i la Ci\u00e8ncia i ens ho hem passat molt i molt b\u00e9 fent les disfresses, preparant la coreografia i durant la Rua pels carrers de la Plana. Voleu veure com ho vam celebrar?<\/p>\n<p><iframe loading=\"lazy\" src=\"https:\/\/drive.google.com\/file\/d\/1PShqEB3Xri1_YvuiJFNzXl5fPKClbMxR\/preview\" width=\"640\" height=\"480\"><\/iframe><\/p>\n","protected":false},"excerpt":{"rendered":"<p>Aquest curs el Carnaval ha estat dedicat a la Matem\u00e0tica i la Ci\u00e8ncia i ens ho hem passat molt i molt b\u00e9 fent les disfresses, preparant la coreografia i durant la Rua pels carrers de la Plana. Voleu veure com ho vam celebrar?<\/p>\n","protected":false},"author":1,"featured_media":840,"comment_status":"open","ping_status":"closed","sticky":false,"template":"","format":"standard","meta":{"_bbp_topic_count":0,"_bbp_reply_count":0,"_bbp_total_topic_count":0,"_bbp_total_reply_count":0,"_bbp_voice_count":0,"_bbp_anonymous_reply_count":0,"_bbp_topic_count_hidden":0,"_bbp_reply_count_hidden":0,"_bbp_forum_subforum_count":0,"footnotes":""},"categories":[1,2,4,5],"tags":[],"class_list":["post-907","post","type-post","status-publish","format-standard","has-post-thumbnail","hentry","category-general","category-i4-promo-24-32","category-portada","category-primaria"],"post_mailing_queue_ids":[],"_links":{"self":[{"href":"https:\/\/agora.xtec.cat\/esc-laplana\/wp-json\/wp\/v2\/posts\/907","targetHints":{"allow":["GET"]}}],"collection":[{"href":"https:\/\/agora.xtec.cat\/esc-laplana\/wp-json\/wp\/v2\/posts"}],"about":[{"href":"https:\/\/agora.xtec.cat\/esc-laplana\/wp-json\/wp\/v2\/types\/post"}],"author":[{"embeddable":true,"href":"https:\/\/agora.xtec.cat\/esc-laplana\/wp-json\/wp\/v2\/users\/1"}],"replies":[{"embeddable":true,"href":"https:\/\/agora.xtec.cat\/esc-laplana\/wp-json\/wp\/v2\/comments?post=907"}],"version-history":[{"count":2,"href":"https:\/\/agora.xtec.cat\/esc-laplana\/wp-json\/wp\/v2\/posts\/907\/revisions"}],"predecessor-version":[{"id":909,"href":"https:\/\/agora.xtec.cat\/esc-laplana\/wp-json\/wp\/v2\/posts\/907\/revisions\/909"}],"wp:featuredmedia":[{"embeddable":true,"href":"https:\/\/agora.xtec.cat\/esc-laplana\/wp-json\/wp\/v2\/media\/840"}],"wp:attachment":[{"href":"https:\/\/agora.xtec.cat\/esc-laplana\/wp-json\/wp\/v2\/media?parent=907"}],"wp:term":[{"taxonomy":"category","embeddable":true,"href":"https:\/\/agora.xtec.cat\/esc-laplana\/wp-json\/wp\/v2\/categories?post=907"},{"taxonomy":"post_tag","embeddable":true,"href":"https:\/\/agora.xtec.cat\/esc-laplana\/wp-json\/wp\/v2\/tags?post=907"}],"curies":[{"name":"wp","href":"https:\/\/api.w.org\/{rel}","templated":true}]}}