{"id":895,"date":"2023-02-06T12:36:30","date_gmt":"2023-02-06T11:36:30","guid":{"rendered":"https:\/\/agora.xtec.cat\/esc-laplana\/?p=895"},"modified":"2023-02-06T12:36:30","modified_gmt":"2023-02-06T11:36:30","slug":"ens-ajuden-a-lhort","status":"publish","type":"post","link":"https:\/\/agora.xtec.cat\/esc-laplana\/general\/ens-ajuden-a-lhort\/","title":{"rendered":"Ens ajuden a l&#8217;hort!"},"content":{"rendered":"<p>La setmana passada els nens i les nenes de Cicle Mitj\u00e0 van tenir un ajudant ben especial, el pare del Emilio J\u00falio, el Lu\u00eds, ens va venir a ajudar a l&#8217;hort. Ens encanta que volgueu a venir a col.laborar amb nosaltres a l&#8217;escola. Moltes gr\u00e0cies!<\/p>\n<p><iframe loading=\"lazy\" src=\"https:\/\/drive.google.com\/file\/d\/10ARAGau2ivVs2nJhMaah_uIgCosGtUfs\/preview\" width=\"640\" height=\"480\"><\/iframe><\/p>\n","protected":false},"excerpt":{"rendered":"<p>La setmana passada els nens i les nenes de Cicle Mitj\u00e0 van tenir un ajudant ben especial, el pare del Emilio J\u00falio, el Lu\u00eds, ens va venir a ajudar a l&#8217;hort. Ens encanta que volgueu a venir a col.laborar amb nosaltres a l&#8217;escola. Moltes gr\u00e0cies!<\/p>\n","protected":false},"author":1,"featured_media":760,"comment_status":"open","ping_status":"closed","sticky":false,"template":"","format":"standard","meta":{"_bbp_topic_count":0,"_bbp_reply_count":0,"_bbp_total_topic_count":0,"_bbp_total_reply_count":0,"_bbp_voice_count":0,"_bbp_anonymous_reply_count":0,"_bbp_topic_count_hidden":0,"_bbp_reply_count_hidden":0,"_bbp_forum_subforum_count":0,"footnotes":""},"categories":[13,62,12,1,4,5],"tags":[],"class_list":["post-895","post","type-post","status-publish","format-standard","has-post-thumbnail","hentry","category-promo-16-24","category-i5-promo-22-30","category-5e-promo-17-25","category-general","category-portada","category-primaria"],"post_mailing_queue_ids":[],"_links":{"self":[{"href":"https:\/\/agora.xtec.cat\/esc-laplana\/wp-json\/wp\/v2\/posts\/895","targetHints":{"allow":["GET"]}}],"collection":[{"href":"https:\/\/agora.xtec.cat\/esc-laplana\/wp-json\/wp\/v2\/posts"}],"about":[{"href":"https:\/\/agora.xtec.cat\/esc-laplana\/wp-json\/wp\/v2\/types\/post"}],"author":[{"embeddable":true,"href":"https:\/\/agora.xtec.cat\/esc-laplana\/wp-json\/wp\/v2\/users\/1"}],"replies":[{"embeddable":true,"href":"https:\/\/agora.xtec.cat\/esc-laplana\/wp-json\/wp\/v2\/comments?post=895"}],"version-history":[{"count":1,"href":"https:\/\/agora.xtec.cat\/esc-laplana\/wp-json\/wp\/v2\/posts\/895\/revisions"}],"predecessor-version":[{"id":896,"href":"https:\/\/agora.xtec.cat\/esc-laplana\/wp-json\/wp\/v2\/posts\/895\/revisions\/896"}],"wp:featuredmedia":[{"embeddable":true,"href":"https:\/\/agora.xtec.cat\/esc-laplana\/wp-json\/wp\/v2\/media\/760"}],"wp:attachment":[{"href":"https:\/\/agora.xtec.cat\/esc-laplana\/wp-json\/wp\/v2\/media?parent=895"}],"wp:term":[{"taxonomy":"category","embeddable":true,"href":"https:\/\/agora.xtec.cat\/esc-laplana\/wp-json\/wp\/v2\/categories?post=895"},{"taxonomy":"post_tag","embeddable":true,"href":"https:\/\/agora.xtec.cat\/esc-laplana\/wp-json\/wp\/v2\/tags?post=895"}],"curies":[{"name":"wp","href":"https:\/\/api.w.org\/{rel}","templated":true}]}}