{"id":884,"date":"2023-01-30T23:21:29","date_gmt":"2023-01-30T22:21:29","guid":{"rendered":"https:\/\/agora.xtec.cat\/esc-laplana\/?p=884"},"modified":"2023-01-30T23:21:29","modified_gmt":"2023-01-30T22:21:29","slug":"sortida-a-la-sequia-major","status":"publish","type":"post","link":"https:\/\/agora.xtec.cat\/esc-laplana\/portada\/sortida-a-la-sequia-major\/","title":{"rendered":"Sortida a la S\u00e8quia Major!"},"content":{"rendered":"<p>Avui els nens i les nenes de 4t i de 5\u00e8 hem anat a la S\u00e8quia Major de Vila-Seca, ens ho hem passat molt b\u00e9 ja que la sortida ha estat molt interessant per\u00f2 sobretot hem apr\u00e8s moltes coses sobre la fauna i la flora del nostre entorn proper. Hem tingut una guia que anava molt ben preparada i que sabia molt\u00edssimes coses. Voleu veure un v\u00eddeo sobre tot el que hem fet?<\/p>\n<p><img loading=\"lazy\" decoding=\"async\" class=\"alignnone size-full wp-image-885\" src=\"https:\/\/agora.xtec.cat\/esc-laplana\/wp-content\/uploads\/usu2664\/2023\/01\/1675078367401.jpg\" alt=\"\" width=\"1024\" height=\"768\" srcset=\"https:\/\/agora.xtec.cat\/esc-laplana\/wp-content\/uploads\/usu2664\/2023\/01\/1675078367401.jpg 1024w, https:\/\/agora.xtec.cat\/esc-laplana\/wp-content\/uploads\/usu2664\/2023\/01\/1675078367401-300x225.jpg 300w, https:\/\/agora.xtec.cat\/esc-laplana\/wp-content\/uploads\/usu2664\/2023\/01\/1675078367401-768x576.jpg 768w, https:\/\/agora.xtec.cat\/esc-laplana\/wp-content\/uploads\/usu2664\/2023\/01\/1675078367401-200x150.jpg 200w\" sizes=\"auto, (max-width: 1024px) 100vw, 1024px\" \/><\/p>\n<p><iframe loading=\"lazy\" src=\"https:\/\/drive.google.com\/file\/d\/1xSXgoerBP9ZKvHXL-UaSpemGWFDcKSQ1\/preview\" width=\"640\" height=\"480\"><\/iframe><\/p>\n","protected":false},"excerpt":{"rendered":"<p>Avui els nens i les nenes de 4t i de 5\u00e8 hem anat a la S\u00e8quia Major de Vila-Seca, ens ho hem passat molt b\u00e9 ja que la sortida ha estat molt interessant per\u00f2 sobretot hem apr\u00e8s moltes coses sobre la fauna i la flora&hellip;  <a href=\"https:\/\/agora.xtec.cat\/esc-laplana\/portada\/sortida-a-la-sequia-major\/\" title=\"Read Sortida a la S\u00e8quia Major!\">Llegeix m\u00e9s\u00bb<\/a><\/p>\n","protected":false},"author":1,"featured_media":885,"comment_status":"open","ping_status":"closed","sticky":false,"template":"","format":"standard","meta":{"_bbp_topic_count":0,"_bbp_reply_count":0,"_bbp_total_topic_count":0,"_bbp_total_reply_count":0,"_bbp_voice_count":0,"_bbp_anonymous_reply_count":0,"_bbp_topic_count_hidden":0,"_bbp_reply_count_hidden":0,"_bbp_forum_subforum_count":0,"footnotes":""},"categories":[14,13,4,5],"tags":[],"class_list":["post-884","post","type-post","status-publish","format-standard","has-post-thumbnail","hentry","category-promo-15-23","category-promo-16-24","category-portada","category-primaria"],"post_mailing_queue_ids":[],"_links":{"self":[{"href":"https:\/\/agora.xtec.cat\/esc-laplana\/wp-json\/wp\/v2\/posts\/884","targetHints":{"allow":["GET"]}}],"collection":[{"href":"https:\/\/agora.xtec.cat\/esc-laplana\/wp-json\/wp\/v2\/posts"}],"about":[{"href":"https:\/\/agora.xtec.cat\/esc-laplana\/wp-json\/wp\/v2\/types\/post"}],"author":[{"embeddable":true,"href":"https:\/\/agora.xtec.cat\/esc-laplana\/wp-json\/wp\/v2\/users\/1"}],"replies":[{"embeddable":true,"href":"https:\/\/agora.xtec.cat\/esc-laplana\/wp-json\/wp\/v2\/comments?post=884"}],"version-history":[{"count":1,"href":"https:\/\/agora.xtec.cat\/esc-laplana\/wp-json\/wp\/v2\/posts\/884\/revisions"}],"predecessor-version":[{"id":886,"href":"https:\/\/agora.xtec.cat\/esc-laplana\/wp-json\/wp\/v2\/posts\/884\/revisions\/886"}],"wp:featuredmedia":[{"embeddable":true,"href":"https:\/\/agora.xtec.cat\/esc-laplana\/wp-json\/wp\/v2\/media\/885"}],"wp:attachment":[{"href":"https:\/\/agora.xtec.cat\/esc-laplana\/wp-json\/wp\/v2\/media?parent=884"}],"wp:term":[{"taxonomy":"category","embeddable":true,"href":"https:\/\/agora.xtec.cat\/esc-laplana\/wp-json\/wp\/v2\/categories?post=884"},{"taxonomy":"post_tag","embeddable":true,"href":"https:\/\/agora.xtec.cat\/esc-laplana\/wp-json\/wp\/v2\/tags?post=884"}],"curies":[{"name":"wp","href":"https:\/\/api.w.org\/{rel}","templated":true}]}}