{"id":877,"date":"2023-01-30T23:02:59","date_gmt":"2023-01-30T22:02:59","guid":{"rendered":"https:\/\/agora.xtec.cat\/esc-laplana\/?p=877"},"modified":"2023-01-30T23:06:55","modified_gmt":"2023-01-30T22:06:55","slug":"denip","status":"publish","type":"post","link":"https:\/\/agora.xtec.cat\/esc-laplana\/general\/denip\/","title":{"rendered":"DENIP"},"content":{"rendered":"<p><span style=\"font-weight: 400;\">Aquesta tarda, ens hem reunit al pati de l\u2019escola per celebrar un dia molt bonic i que sempre hem de tenir present per poder-lo recordar.\u00a0<\/span><span style=\"font-weight: 400;\">Avui dia 30 de gener es commemora el DENIP (el dia escolar de la no viol\u00e8ncia i de la Pau).\u00a0<\/span><\/p>\n<p><span style=\"font-weight: 400;\">No nom\u00e9s nosaltres ho celebrem, sin\u00f3 que les escoles de tot el m\u00f3n fan diferents actes per tal d\u2019explicar que la PAU no \u00e9s nom\u00e9s que no hagi guerra ni baralles.\u00a0<\/span><\/p>\n<p><span style=\"font-weight: 400;\">Volem que els nens i les nenes de tot el m\u00f3n puguin gaudir de la seva inf\u00e0ncia, sense conflictes, sense patiments, jugant i aprenent de manera lliure i segura. <\/span><span style=\"font-weight: 400;\">L\u2019amor i l\u2019estima cap als altres ha de ser m\u00e9s important que la resta de coses i sempre ha de guanyar aquest sentiment. No volem paraules com viol\u00e8ncia, lluita, guerra, bullying,&#8230;<\/span><\/p>\n<p><span style=\"font-weight: 400;\">La PAU \u00e9s resoldre els conflictes parlant, \u00e9s a dir, donant la nostra opini\u00f3 de manera tranquil.la, clara i ordenada\u2026i, sobretot, respectant l\u2019opini\u00f3 dels altres.\u00a0<\/span><span style=\"font-weight: 400;\">No n\u2019hi ha prou amb parlar de PAU, la PAU s\u2019ha de practicar cada dia, a casa, a l\u2019escola, amb la fam\u00edlia, amb les amistats,&#8230;<\/span><\/p>\n<p><span style=\"font-weight: 400;\">Tots i totes hem preparat targetes amb els nostres desitjos, frases o paraules de PAU i avui les penjarem al pati simbolitzant un arbre dels desitjos. I ja sabeu, la primera norma delos desitjos \u00e9s creure. Creure en que el m\u00f3n pot ser millor. Creure en un mateix i en les altres persones. Creure que entre tots i totes, si treballem amb ganes podrem viure en PAU i aconseguir tot els que ens proposem.<\/span><\/p>\n<p>&nbsp;<\/p>\n<p><img loading=\"lazy\" decoding=\"async\" class=\"alignnone size-large wp-image-878 aligncenter\" src=\"https:\/\/agora.xtec.cat\/esc-laplana\/wp-content\/uploads\/usu2664\/2023\/01\/Separador-de-libros-fotos-familia-blanco-1-341x1024.jpg\" alt=\"\" width=\"341\" height=\"1024\" srcset=\"https:\/\/agora.xtec.cat\/esc-laplana\/wp-content\/uploads\/usu2664\/2023\/01\/Separador-de-libros-fotos-familia-blanco-1-341x1024.jpg 341w, https:\/\/agora.xtec.cat\/esc-laplana\/wp-content\/uploads\/usu2664\/2023\/01\/Separador-de-libros-fotos-familia-blanco-1-100x300.jpg 100w, https:\/\/agora.xtec.cat\/esc-laplana\/wp-content\/uploads\/usu2664\/2023\/01\/Separador-de-libros-fotos-familia-blanco-1-768x2304.jpg 768w, https:\/\/agora.xtec.cat\/esc-laplana\/wp-content\/uploads\/usu2664\/2023\/01\/Separador-de-libros-fotos-familia-blanco-1-512x1536.jpg 512w, https:\/\/agora.xtec.cat\/esc-laplana\/wp-content\/uploads\/usu2664\/2023\/01\/Separador-de-libros-fotos-familia-blanco-1-683x2048.jpg 683w, https:\/\/agora.xtec.cat\/esc-laplana\/wp-content\/uploads\/usu2664\/2023\/01\/Separador-de-libros-fotos-familia-blanco-1-scaled.jpg 853w\" sizes=\"auto, (max-width: 341px) 100vw, 341px\" \/><\/p>\n<div style=\"position: relative; width: 100%; height: 0; padding-top: 56.2500%; padding-bottom: 0; box-shadow: 0 2px 8px 0 rgba(63,69,81,0.16); margin-top: 1.6em; margin-bottom: 0.9em; overflow: hidden; border-radius: 8px; will-change: transform;\"><iframe style=\"position: absolute; width: 100%; height: 100%; top: 0; left: 0; border: none; padding: 0; margin: 0;\" src=\"https:\/\/www.canva.com\/design\/DAFZLac0i2Y\/watch?embed\" allowfullscreen=\"allowfullscreen\"><br \/>\n<\/iframe><\/div>\n<p>&nbsp;<\/p>\n","protected":false},"excerpt":{"rendered":"<p>Aquesta tarda, ens hem reunit al pati de l\u2019escola per celebrar un dia molt bonic i que sempre hem de tenir present per poder-lo recordar.\u00a0Avui dia 30 de gener es commemora el DENIP (el dia escolar de la no viol\u00e8ncia i de la Pau).\u00a0<br \/>\nNo nom\u00e9s&hellip;  <a href=\"https:\/\/agora.xtec.cat\/esc-laplana\/general\/denip\/\" title=\"Read DENIP\">Llegeix m\u00e9s\u00bb<\/a><\/p>\n","protected":false},"author":1,"featured_media":878,"comment_status":"open","ping_status":"closed","sticky":false,"template":"","format":"standard","meta":{"_bbp_topic_count":0,"_bbp_reply_count":0,"_bbp_total_topic_count":0,"_bbp_total_reply_count":0,"_bbp_voice_count":0,"_bbp_anonymous_reply_count":0,"_bbp_topic_count_hidden":0,"_bbp_reply_count_hidden":0,"_bbp_forum_subforum_count":0,"footnotes":""},"categories":[1,4],"tags":[],"class_list":["post-877","post","type-post","status-publish","format-standard","has-post-thumbnail","hentry","category-general","category-portada"],"post_mailing_queue_ids":[],"_links":{"self":[{"href":"https:\/\/agora.xtec.cat\/esc-laplana\/wp-json\/wp\/v2\/posts\/877","targetHints":{"allow":["GET"]}}],"collection":[{"href":"https:\/\/agora.xtec.cat\/esc-laplana\/wp-json\/wp\/v2\/posts"}],"about":[{"href":"https:\/\/agora.xtec.cat\/esc-laplana\/wp-json\/wp\/v2\/types\/post"}],"author":[{"embeddable":true,"href":"https:\/\/agora.xtec.cat\/esc-laplana\/wp-json\/wp\/v2\/users\/1"}],"replies":[{"embeddable":true,"href":"https:\/\/agora.xtec.cat\/esc-laplana\/wp-json\/wp\/v2\/comments?post=877"}],"version-history":[{"count":2,"href":"https:\/\/agora.xtec.cat\/esc-laplana\/wp-json\/wp\/v2\/posts\/877\/revisions"}],"predecessor-version":[{"id":880,"href":"https:\/\/agora.xtec.cat\/esc-laplana\/wp-json\/wp\/v2\/posts\/877\/revisions\/880"}],"wp:featuredmedia":[{"embeddable":true,"href":"https:\/\/agora.xtec.cat\/esc-laplana\/wp-json\/wp\/v2\/media\/878"}],"wp:attachment":[{"href":"https:\/\/agora.xtec.cat\/esc-laplana\/wp-json\/wp\/v2\/media?parent=877"}],"wp:term":[{"taxonomy":"category","embeddable":true,"href":"https:\/\/agora.xtec.cat\/esc-laplana\/wp-json\/wp\/v2\/categories?post=877"},{"taxonomy":"post_tag","embeddable":true,"href":"https:\/\/agora.xtec.cat\/esc-laplana\/wp-json\/wp\/v2\/tags?post=877"}],"curies":[{"name":"wp","href":"https:\/\/api.w.org\/{rel}","templated":true}]}}