{"id":872,"date":"2023-01-24T19:58:37","date_gmt":"2023-01-24T18:58:37","guid":{"rendered":"https:\/\/agora.xtec.cat\/esc-laplana\/?p=872"},"modified":"2023-01-24T19:59:14","modified_gmt":"2023-01-24T18:59:14","slug":"que-es-una-comunitat-daprenentatge","status":"publish","type":"post","link":"https:\/\/agora.xtec.cat\/esc-laplana\/general\/que-es-una-comunitat-daprenentatge\/","title":{"rendered":"Qu\u00e8 \u00e9s una Comunitat d&#8217;Aprenentatge?"},"content":{"rendered":"<p>A l&#8217;Assemblea General d&#8217;avui la nostra directora, la Marta ens ha explicat qu\u00e8 \u00e9s una Comunitat d&#8217;Aprenentatge. Totes i tots hem estat ben atents\/es per entendre b\u00e9 tot el que ens estava explicant.<\/p>\n<p>Al final, hem pogut donar la nostra opini\u00f3 sobre el tema i ens hem comprom\u00e8s a recordar que el <strong>Dijous 26 de gener a les 16.45h<\/strong> hi haur\u00e0 una xerrada informativa adre\u00e7ada a les fam\u00edlies.<\/p>\n<p><img loading=\"lazy\" decoding=\"async\" class=\"alignnone size-large wp-image-873\" src=\"https:\/\/agora.xtec.cat\/esc-laplana\/wp-content\/uploads\/usu2664\/2023\/01\/Captura-de-pantalla-2023-01-24-a-les-19.50.42-712x1024.png\" alt=\"\" width=\"712\" height=\"1024\" srcset=\"https:\/\/agora.xtec.cat\/esc-laplana\/wp-content\/uploads\/usu2664\/2023\/01\/Captura-de-pantalla-2023-01-24-a-les-19.50.42-712x1024.png 712w, https:\/\/agora.xtec.cat\/esc-laplana\/wp-content\/uploads\/usu2664\/2023\/01\/Captura-de-pantalla-2023-01-24-a-les-19.50.42-209x300.png 209w, https:\/\/agora.xtec.cat\/esc-laplana\/wp-content\/uploads\/usu2664\/2023\/01\/Captura-de-pantalla-2023-01-24-a-les-19.50.42-768x1104.png 768w, https:\/\/agora.xtec.cat\/esc-laplana\/wp-content\/uploads\/usu2664\/2023\/01\/Captura-de-pantalla-2023-01-24-a-les-19.50.42.png 946w\" sizes=\"auto, (max-width: 712px) 100vw, 712px\" \/><\/p>\n<p><img loading=\"lazy\" decoding=\"async\" class=\"alignnone size-large wp-image-874\" src=\"https:\/\/agora.xtec.cat\/esc-laplana\/wp-content\/uploads\/usu2664\/2023\/01\/20230124_113413-1024x461.jpg\" alt=\"\" width=\"1024\" height=\"461\" srcset=\"https:\/\/agora.xtec.cat\/esc-laplana\/wp-content\/uploads\/usu2664\/2023\/01\/20230124_113413-1024x461.jpg 1024w, https:\/\/agora.xtec.cat\/esc-laplana\/wp-content\/uploads\/usu2664\/2023\/01\/20230124_113413-300x135.jpg 300w, https:\/\/agora.xtec.cat\/esc-laplana\/wp-content\/uploads\/usu2664\/2023\/01\/20230124_113413-768x346.jpg 768w, https:\/\/agora.xtec.cat\/esc-laplana\/wp-content\/uploads\/usu2664\/2023\/01\/20230124_113413-1536x691.jpg 1536w, https:\/\/agora.xtec.cat\/esc-laplana\/wp-content\/uploads\/usu2664\/2023\/01\/20230124_113413-2048x922.jpg 2048w\" sizes=\"auto, (max-width: 1024px) 100vw, 1024px\" \/><\/p>\n","protected":false},"excerpt":{"rendered":"<p>A l&#8217;Assemblea General d&#8217;avui la nostra directora, la Marta ens ha explicat qu\u00e8 \u00e9s una Comunitat d&#8217;Aprenentatge. Totes i tots hem estat ben atents\/es per entendre b\u00e9 tot el que ens estava explicant.<br \/>\nAl final, hem pogut donar la nostra opini\u00f3 sobre el tema i ens&hellip;  <a href=\"https:\/\/agora.xtec.cat\/esc-laplana\/general\/que-es-una-comunitat-daprenentatge\/\" title=\"Read Qu\u00e8 \u00e9s una Comunitat d&#8217;Aprenentatge?\">Llegeix m\u00e9s\u00bb<\/a><\/p>\n","protected":false},"author":1,"featured_media":873,"comment_status":"open","ping_status":"closed","sticky":false,"template":"","format":"standard","meta":{"_bbp_topic_count":0,"_bbp_reply_count":0,"_bbp_total_topic_count":0,"_bbp_total_reply_count":0,"_bbp_voice_count":0,"_bbp_anonymous_reply_count":0,"_bbp_topic_count_hidden":0,"_bbp_reply_count_hidden":0,"_bbp_forum_subforum_count":0,"footnotes":""},"categories":[1,4],"tags":[],"class_list":["post-872","post","type-post","status-publish","format-standard","has-post-thumbnail","hentry","category-general","category-portada"],"post_mailing_queue_ids":[],"_links":{"self":[{"href":"https:\/\/agora.xtec.cat\/esc-laplana\/wp-json\/wp\/v2\/posts\/872","targetHints":{"allow":["GET"]}}],"collection":[{"href":"https:\/\/agora.xtec.cat\/esc-laplana\/wp-json\/wp\/v2\/posts"}],"about":[{"href":"https:\/\/agora.xtec.cat\/esc-laplana\/wp-json\/wp\/v2\/types\/post"}],"author":[{"embeddable":true,"href":"https:\/\/agora.xtec.cat\/esc-laplana\/wp-json\/wp\/v2\/users\/1"}],"replies":[{"embeddable":true,"href":"https:\/\/agora.xtec.cat\/esc-laplana\/wp-json\/wp\/v2\/comments?post=872"}],"version-history":[{"count":2,"href":"https:\/\/agora.xtec.cat\/esc-laplana\/wp-json\/wp\/v2\/posts\/872\/revisions"}],"predecessor-version":[{"id":876,"href":"https:\/\/agora.xtec.cat\/esc-laplana\/wp-json\/wp\/v2\/posts\/872\/revisions\/876"}],"wp:featuredmedia":[{"embeddable":true,"href":"https:\/\/agora.xtec.cat\/esc-laplana\/wp-json\/wp\/v2\/media\/873"}],"wp:attachment":[{"href":"https:\/\/agora.xtec.cat\/esc-laplana\/wp-json\/wp\/v2\/media?parent=872"}],"wp:term":[{"taxonomy":"category","embeddable":true,"href":"https:\/\/agora.xtec.cat\/esc-laplana\/wp-json\/wp\/v2\/categories?post=872"},{"taxonomy":"post_tag","embeddable":true,"href":"https:\/\/agora.xtec.cat\/esc-laplana\/wp-json\/wp\/v2\/tags?post=872"}],"curies":[{"name":"wp","href":"https:\/\/api.w.org\/{rel}","templated":true}]}}