{"id":814,"date":"2022-11-27T22:20:31","date_gmt":"2022-11-27T21:20:31","guid":{"rendered":"https:\/\/agora.xtec.cat\/esc-laplana\/?p=814"},"modified":"2022-11-27T22:20:31","modified_gmt":"2022-11-27T21:20:31","slug":"santa-cecilia-2022","status":"publish","type":"post","link":"https:\/\/agora.xtec.cat\/esc-laplana\/general\/santa-cecilia-2022\/","title":{"rendered":"Santa Cec\u00edlia 2022"},"content":{"rendered":"<p>El passat 22 de novembre vam celebrar la ja tradicional festa de &#8220;Santa Cec\u00edlia&#8221;, la patrona de la m\u00fasica. Per aquest motiu, vam anar al gimn\u00e0s on vam cantar i ballar les can\u00e7ons que haviem preparat amb la Joana, la nostra mestra de m\u00fasica.<\/p>\n<p>Aquest any totes les can\u00e7ons estaven relacionades amb les Matem\u00e0tiques per aix\u00f2 la celebraci\u00f3 es va titular &#8220;Els n\u00fameros canten&#8221;. Esperem que us agradi!<\/p>\n<p><iframe loading=\"lazy\" src=\"https:\/\/drive.google.com\/file\/d\/1tFjbfKl8AnYOtPLBkPG9gKj15F_0F3MY\/preview\" width=\"640\" height=\"480\"><\/iframe><\/p>\n","protected":false},"excerpt":{"rendered":"<p>El passat 22 de novembre vam celebrar la ja tradicional festa de &#8220;Santa Cec\u00edlia&#8221;, la patrona de la m\u00fasica. Per aquest motiu, vam anar al gimn\u00e0s on vam cantar i ballar les can\u00e7ons que haviem preparat amb la Joana, la nostra mestra de m\u00fasica.<br \/>\nAquest any&hellip;  <a href=\"https:\/\/agora.xtec.cat\/esc-laplana\/general\/santa-cecilia-2022\/\" title=\"Read Santa Cec\u00edlia 2022\">Llegeix m\u00e9s\u00bb<\/a><\/p>\n","protected":false},"author":1,"featured_media":815,"comment_status":"open","ping_status":"closed","sticky":false,"template":"","format":"standard","meta":{"_bbp_topic_count":0,"_bbp_reply_count":0,"_bbp_total_topic_count":0,"_bbp_total_reply_count":0,"_bbp_voice_count":0,"_bbp_anonymous_reply_count":0,"_bbp_topic_count_hidden":0,"_bbp_reply_count_hidden":0,"_bbp_forum_subforum_count":0,"footnotes":""},"categories":[1,2,4,5],"tags":[],"class_list":["post-814","post","type-post","status-publish","format-standard","has-post-thumbnail","hentry","category-general","category-i4-promo-24-32","category-portada","category-primaria"],"post_mailing_queue_ids":[],"_links":{"self":[{"href":"https:\/\/agora.xtec.cat\/esc-laplana\/wp-json\/wp\/v2\/posts\/814","targetHints":{"allow":["GET"]}}],"collection":[{"href":"https:\/\/agora.xtec.cat\/esc-laplana\/wp-json\/wp\/v2\/posts"}],"about":[{"href":"https:\/\/agora.xtec.cat\/esc-laplana\/wp-json\/wp\/v2\/types\/post"}],"author":[{"embeddable":true,"href":"https:\/\/agora.xtec.cat\/esc-laplana\/wp-json\/wp\/v2\/users\/1"}],"replies":[{"embeddable":true,"href":"https:\/\/agora.xtec.cat\/esc-laplana\/wp-json\/wp\/v2\/comments?post=814"}],"version-history":[{"count":1,"href":"https:\/\/agora.xtec.cat\/esc-laplana\/wp-json\/wp\/v2\/posts\/814\/revisions"}],"predecessor-version":[{"id":816,"href":"https:\/\/agora.xtec.cat\/esc-laplana\/wp-json\/wp\/v2\/posts\/814\/revisions\/816"}],"wp:featuredmedia":[{"embeddable":true,"href":"https:\/\/agora.xtec.cat\/esc-laplana\/wp-json\/wp\/v2\/media\/815"}],"wp:attachment":[{"href":"https:\/\/agora.xtec.cat\/esc-laplana\/wp-json\/wp\/v2\/media?parent=814"}],"wp:term":[{"taxonomy":"category","embeddable":true,"href":"https:\/\/agora.xtec.cat\/esc-laplana\/wp-json\/wp\/v2\/categories?post=814"},{"taxonomy":"post_tag","embeddable":true,"href":"https:\/\/agora.xtec.cat\/esc-laplana\/wp-json\/wp\/v2\/tags?post=814"}],"curies":[{"name":"wp","href":"https:\/\/api.w.org\/{rel}","templated":true}]}}