{"id":809,"date":"2022-11-06T21:20:09","date_gmt":"2022-11-06T20:20:09","guid":{"rendered":"https:\/\/agora.xtec.cat\/esc-laplana\/?p=809"},"modified":"2022-11-06T21:20:09","modified_gmt":"2022-11-06T20:20:09","slug":"sortida-a-minitarraco","status":"publish","type":"post","link":"https:\/\/agora.xtec.cat\/esc-laplana\/general\/sortida-a-minitarraco\/","title":{"rendered":"SORTIDA A MINITARRACO"},"content":{"rendered":"<p>El passat dijous 3 de novembre vam anar d&#8217;excursi\u00f3 a Minitarraco. All\u00ed, ens van ensenyar moltes coses relacionades amb el m\u00f3n rom\u00e0 i amb els grans monuments que tenim de la Tarraco romana. Com veureu a les fotografies <strong>(cliqueu a sobre la imatge),<\/strong> va ser un dia molt ben aprofitat i vam fer activitats molt divertides!<\/p>\n<p>Despr\u00e9s de dinar, ens vam despla\u00e7ar al Pont del Diable on ens van explicar la llegenda sobre aquest aq\u00fceducte tan imponent i que ens va meravellar a tots i a totes. Ja tenim ganes d&#8217;iniciar els projectes a Medi Social per con\u00e9ixer m\u00e9s coses sobre els romans i el seu passat a la nostra ciutat ve\u00efna de Tarraco.<\/p>\n<p><script id=\"asp-embed-script\" data-zindex=\"1000000\" type=\"text\/javascript\" charset=\"utf-8\" src=\"https:\/\/express.adobe.com\/page-embed.js\"><\/script><a class=\"asp-embed-link\" href=\"https:\/\/express.adobe.com\/page\/vl2ge2kl4OKPO\/\" target=\"_blank\" rel=\"noopener\"><img decoding=\"async\" style=\"width: 100%;\" src=\"https:\/\/express.adobe.com\/page\/vl2ge2kl4OKPO\/embed.jpg?buster=1667765757098\" alt=\"MINITARRACO\" border=\"0\" \/><\/a><\/p>\n","protected":false},"excerpt":{"rendered":"<p>El passat dijous 3 de novembre vam anar d&#8217;excursi\u00f3 a Minitarraco. All\u00ed, ens van ensenyar moltes coses relacionades amb el m\u00f3n rom\u00e0 i amb els grans monuments que tenim de la Tarraco romana. Com veureu a les fotografies (cliqueu a sobre la imatge), va ser&hellip;  <a href=\"https:\/\/agora.xtec.cat\/esc-laplana\/general\/sortida-a-minitarraco\/\" title=\"Read SORTIDA A MINITARRACO\">Llegeix m\u00e9s\u00bb<\/a><\/p>\n","protected":false},"author":1,"featured_media":810,"comment_status":"open","ping_status":"closed","sticky":false,"template":"","format":"standard","meta":{"_bbp_topic_count":0,"_bbp_reply_count":0,"_bbp_total_topic_count":0,"_bbp_total_reply_count":0,"_bbp_voice_count":0,"_bbp_anonymous_reply_count":0,"_bbp_topic_count_hidden":0,"_bbp_reply_count_hidden":0,"_bbp_forum_subforum_count":0,"footnotes":""},"categories":[13,8,9,10,11,12,1,2,4,5],"tags":[],"class_list":["post-809","post","type-post","status-publish","format-standard","has-post-thumbnail","hentry","category-promo-16-24","category-1r-promo-21-29","category-2n-promo-20-28","category-3r-promo-19-27","category-4t-promo-18-26","category-5e-promo-17-25","category-general","category-i4-promo-24-32","category-portada","category-primaria"],"post_mailing_queue_ids":[],"_links":{"self":[{"href":"https:\/\/agora.xtec.cat\/esc-laplana\/wp-json\/wp\/v2\/posts\/809","targetHints":{"allow":["GET"]}}],"collection":[{"href":"https:\/\/agora.xtec.cat\/esc-laplana\/wp-json\/wp\/v2\/posts"}],"about":[{"href":"https:\/\/agora.xtec.cat\/esc-laplana\/wp-json\/wp\/v2\/types\/post"}],"author":[{"embeddable":true,"href":"https:\/\/agora.xtec.cat\/esc-laplana\/wp-json\/wp\/v2\/users\/1"}],"replies":[{"embeddable":true,"href":"https:\/\/agora.xtec.cat\/esc-laplana\/wp-json\/wp\/v2\/comments?post=809"}],"version-history":[{"count":1,"href":"https:\/\/agora.xtec.cat\/esc-laplana\/wp-json\/wp\/v2\/posts\/809\/revisions"}],"predecessor-version":[{"id":811,"href":"https:\/\/agora.xtec.cat\/esc-laplana\/wp-json\/wp\/v2\/posts\/809\/revisions\/811"}],"wp:featuredmedia":[{"embeddable":true,"href":"https:\/\/agora.xtec.cat\/esc-laplana\/wp-json\/wp\/v2\/media\/810"}],"wp:attachment":[{"href":"https:\/\/agora.xtec.cat\/esc-laplana\/wp-json\/wp\/v2\/media?parent=809"}],"wp:term":[{"taxonomy":"category","embeddable":true,"href":"https:\/\/agora.xtec.cat\/esc-laplana\/wp-json\/wp\/v2\/categories?post=809"},{"taxonomy":"post_tag","embeddable":true,"href":"https:\/\/agora.xtec.cat\/esc-laplana\/wp-json\/wp\/v2\/tags?post=809"}],"curies":[{"name":"wp","href":"https:\/\/api.w.org\/{rel}","templated":true}]}}