{"id":806,"date":"2022-11-02T15:38:33","date_gmt":"2022-11-02T14:38:33","guid":{"rendered":"https:\/\/agora.xtec.cat\/esc-laplana\/?p=806"},"modified":"2022-11-02T15:38:33","modified_gmt":"2022-11-02T14:38:33","slug":"exposicio-els-fruits-de-la-tardor","status":"publish","type":"post","link":"https:\/\/agora.xtec.cat\/esc-laplana\/general\/exposicio-els-fruits-de-la-tardor\/","title":{"rendered":"Exposici\u00f3 &#8220;Els fruits de la tardor&#8221;"},"content":{"rendered":"<p>El passat dia 27 d&#8217;octubre, vam obrir la biblioteca de l&#8217;escola per mostrar-vos l&#8217;Exposici\u00f3 &#8220;DECOREM FRUITS DE LA TARDOR&#8221;. Volem donar les gr\u00e0cies als\/les alumnes i les seves fam\u00edlies pel gran nombre de manualitats rebudes aix\u00ed com per la gran qualitat i originalitat de les obres exposades. Va quedar una exposici\u00f3 terror\u00edfica i molt molt xula!<\/p>\n<p>Us deixem un petit v\u00eddeo per aquelles persones que no van poder visitar la exposici\u00f3. Moltes i moltes gr\u00e0cies per la vostra col\u00b7laboraci\u00f3!<\/p>\n<p><iframe loading=\"lazy\" src=\"https:\/\/drive.google.com\/file\/d\/1H7eZuELGvshs1NlELarZRAKmLeIyy6_m\/preview\" width=\"640\" height=\"480\"><\/iframe><\/p>\n","protected":false},"excerpt":{"rendered":"<p>El passat dia 27 d&#8217;octubre, vam obrir la biblioteca de l&#8217;escola per mostrar-vos l&#8217;Exposici\u00f3 &#8220;DECOREM FRUITS DE LA TARDOR&#8221;. Volem donar les gr\u00e0cies als\/les alumnes i les seves fam\u00edlies pel gran nombre de manualitats rebudes aix\u00ed com per la gran qualitat i originalitat de les&hellip;  <a href=\"https:\/\/agora.xtec.cat\/esc-laplana\/general\/exposicio-els-fruits-de-la-tardor\/\" title=\"Read Exposici\u00f3 &#8220;Els fruits de la tardor&#8221;\">Llegeix m\u00e9s\u00bb<\/a><\/p>\n","protected":false},"author":1,"featured_media":790,"comment_status":"open","ping_status":"closed","sticky":false,"template":"","format":"standard","meta":{"_bbp_topic_count":0,"_bbp_reply_count":0,"_bbp_total_topic_count":0,"_bbp_total_reply_count":0,"_bbp_voice_count":0,"_bbp_anonymous_reply_count":0,"_bbp_topic_count_hidden":0,"_bbp_reply_count_hidden":0,"_bbp_forum_subforum_count":0,"footnotes":""},"categories":[1,4],"tags":[],"class_list":["post-806","post","type-post","status-publish","format-standard","has-post-thumbnail","hentry","category-general","category-portada"],"post_mailing_queue_ids":[],"_links":{"self":[{"href":"https:\/\/agora.xtec.cat\/esc-laplana\/wp-json\/wp\/v2\/posts\/806","targetHints":{"allow":["GET"]}}],"collection":[{"href":"https:\/\/agora.xtec.cat\/esc-laplana\/wp-json\/wp\/v2\/posts"}],"about":[{"href":"https:\/\/agora.xtec.cat\/esc-laplana\/wp-json\/wp\/v2\/types\/post"}],"author":[{"embeddable":true,"href":"https:\/\/agora.xtec.cat\/esc-laplana\/wp-json\/wp\/v2\/users\/1"}],"replies":[{"embeddable":true,"href":"https:\/\/agora.xtec.cat\/esc-laplana\/wp-json\/wp\/v2\/comments?post=806"}],"version-history":[{"count":2,"href":"https:\/\/agora.xtec.cat\/esc-laplana\/wp-json\/wp\/v2\/posts\/806\/revisions"}],"predecessor-version":[{"id":808,"href":"https:\/\/agora.xtec.cat\/esc-laplana\/wp-json\/wp\/v2\/posts\/806\/revisions\/808"}],"wp:featuredmedia":[{"embeddable":true,"href":"https:\/\/agora.xtec.cat\/esc-laplana\/wp-json\/wp\/v2\/media\/790"}],"wp:attachment":[{"href":"https:\/\/agora.xtec.cat\/esc-laplana\/wp-json\/wp\/v2\/media?parent=806"}],"wp:term":[{"taxonomy":"category","embeddable":true,"href":"https:\/\/agora.xtec.cat\/esc-laplana\/wp-json\/wp\/v2\/categories?post=806"},{"taxonomy":"post_tag","embeddable":true,"href":"https:\/\/agora.xtec.cat\/esc-laplana\/wp-json\/wp\/v2\/tags?post=806"}],"curies":[{"name":"wp","href":"https:\/\/api.w.org\/{rel}","templated":true}]}}