{"id":800,"date":"2022-10-20T23:31:20","date_gmt":"2022-10-20T21:31:20","guid":{"rendered":"https:\/\/agora.xtec.cat\/esc-laplana\/?p=800"},"modified":"2022-10-20T23:31:20","modified_gmt":"2022-10-20T21:31:20","slug":"cm-visita-la-exposicio-cosmos","status":"publish","type":"post","link":"https:\/\/agora.xtec.cat\/esc-laplana\/general\/cm-visita-la-exposicio-cosmos\/","title":{"rendered":"CM visita la Exposici\u00f3 &#8220;Cosmos&#8221;"},"content":{"rendered":"<p>El Castell de Vila-Seca acull, de la m\u00e0 de la Fundaci\u00f3 Vila Casas, l\u2019exposici\u00f3 Mayte Vieta: COSMOS &#8220;Mirar en la foscor entre les estrelles&#8221;.<\/p>\n<p>Aquesta setmana, els\/les alumnes de CM ens vam despla\u00e7ar-nos fins el castell, on una guia ens va explicar totes les obres exposades per l&#8217;artista. Ens va semblar una exposici\u00f3 molt ben preparada i molt visual, i vam quedar molt sorpresos i sorpreses amb algunes de les obres i escultures, totes elles, relacionades amb l&#8217;univers.<\/p>\n<p>Tamb\u00e9 hem realitzat un petit taller amb les tauletes digitals. Ens ha encantat aquesta visita i la recomanem ja que \u00e9s molt interessant.<\/p>\n<p><strong>Si voleu veure algunes fotografies de la sortida &#8220;cliqueu&#8221; a la imatge.<\/strong><\/p>\n<p><script id=\"asp-embed-script\" data-zindex=\"1000000\" type=\"text\/javascript\" charset=\"utf-8\" src=\"https:\/\/express.adobe.com\/page-embed.js\"><\/script><a class=\"asp-embed-link\" href=\"https:\/\/express.adobe.com\/page\/BBtTO9txF0VnT\/\" target=\"_blank\" rel=\"noopener\"><img decoding=\"async\" style=\"width: 100%;\" src=\"https:\/\/express.adobe.com\/page\/BBtTO9txF0VnT\/embed.jpg?buster=1666301314096\" alt=\"Exposici\u00f3 Cosmos\" border=\"0\" \/><\/a><\/p>\n","protected":false},"excerpt":{"rendered":"<p>El Castell de Vila-Seca acull, de la m\u00e0 de la Fundaci\u00f3 Vila Casas, l\u2019exposici\u00f3 Mayte Vieta: COSMOS &#8220;Mirar en la foscor entre les estrelles&#8221;.<br \/>\nAquesta setmana, els\/les alumnes de CM ens vam despla\u00e7ar-nos fins el castell, on una guia ens va explicar totes les obres exposades&hellip;  <a href=\"https:\/\/agora.xtec.cat\/esc-laplana\/general\/cm-visita-la-exposicio-cosmos\/\" title=\"Read CM visita la Exposici\u00f3 &#8220;Cosmos&#8221;\">Llegeix m\u00e9s\u00bb<\/a><\/p>\n","protected":false},"author":1,"featured_media":801,"comment_status":"open","ping_status":"closed","sticky":false,"template":"","format":"standard","meta":{"_bbp_topic_count":0,"_bbp_reply_count":0,"_bbp_total_topic_count":0,"_bbp_total_reply_count":0,"_bbp_voice_count":0,"_bbp_anonymous_reply_count":0,"_bbp_topic_count_hidden":0,"_bbp_reply_count_hidden":0,"_bbp_forum_subforum_count":0,"footnotes":""},"categories":[13,12,1,4,5],"tags":[],"class_list":["post-800","post","type-post","status-publish","format-standard","has-post-thumbnail","hentry","category-promo-16-24","category-5e-promo-17-25","category-general","category-portada","category-primaria"],"post_mailing_queue_ids":[],"_links":{"self":[{"href":"https:\/\/agora.xtec.cat\/esc-laplana\/wp-json\/wp\/v2\/posts\/800","targetHints":{"allow":["GET"]}}],"collection":[{"href":"https:\/\/agora.xtec.cat\/esc-laplana\/wp-json\/wp\/v2\/posts"}],"about":[{"href":"https:\/\/agora.xtec.cat\/esc-laplana\/wp-json\/wp\/v2\/types\/post"}],"author":[{"embeddable":true,"href":"https:\/\/agora.xtec.cat\/esc-laplana\/wp-json\/wp\/v2\/users\/1"}],"replies":[{"embeddable":true,"href":"https:\/\/agora.xtec.cat\/esc-laplana\/wp-json\/wp\/v2\/comments?post=800"}],"version-history":[{"count":1,"href":"https:\/\/agora.xtec.cat\/esc-laplana\/wp-json\/wp\/v2\/posts\/800\/revisions"}],"predecessor-version":[{"id":802,"href":"https:\/\/agora.xtec.cat\/esc-laplana\/wp-json\/wp\/v2\/posts\/800\/revisions\/802"}],"wp:featuredmedia":[{"embeddable":true,"href":"https:\/\/agora.xtec.cat\/esc-laplana\/wp-json\/wp\/v2\/media\/801"}],"wp:attachment":[{"href":"https:\/\/agora.xtec.cat\/esc-laplana\/wp-json\/wp\/v2\/media?parent=800"}],"wp:term":[{"taxonomy":"category","embeddable":true,"href":"https:\/\/agora.xtec.cat\/esc-laplana\/wp-json\/wp\/v2\/categories?post=800"},{"taxonomy":"post_tag","embeddable":true,"href":"https:\/\/agora.xtec.cat\/esc-laplana\/wp-json\/wp\/v2\/tags?post=800"}],"curies":[{"name":"wp","href":"https:\/\/api.w.org\/{rel}","templated":true}]}}