{"id":797,"date":"2022-10-17T13:13:59","date_gmt":"2022-10-17T11:13:59","guid":{"rendered":"https:\/\/agora.xtec.cat\/esc-laplana\/?p=797"},"modified":"2022-10-17T13:13:59","modified_gmt":"2022-10-17T11:13:59","slug":"anem-al-ficvi","status":"publish","type":"post","link":"https:\/\/agora.xtec.cat\/esc-laplana\/general\/anem-al-ficvi\/","title":{"rendered":"Anem al FICVI!"},"content":{"rendered":"<p>Avui, dia 17 d&#8217;octubre, els\/les alumnes de CS hem anat al celler per a participar en la 7ena edici\u00f3 del FICVI (Festival Internacional de Curtmetratges de Vila-Seca). Un cop all\u00ed, hem pogut veure 5 curts d&#8217;animaci\u00f3 amb uns missatges que no ens han deixat indiferents.<\/p>\n<p>Valors com l&#8217;empatia, l&#8217;autoestima, l&#8217;acceptaci\u00f3 vers les altres persones,&#8230;entre d&#8217;altres, han estat molt ben representats en aquestes cinc projeccions d&#8217;animaci\u00f3.<\/p>\n<p>Ha estat un mat\u00ed ben diferent i ens ha encantat poder participar-hi!<\/p>\n<p><strong>Si voleu veure algunes fotografies &#8220;feu click&#8221; a sobre de la imatge.<\/strong><script id=\"asp-embed-script\" data-zindex=\"1000000\" type=\"text\/javascript\" charset=\"utf-8\" src=\"https:\/\/express.adobe.com\/page-embed.js\"><\/script><a class=\"asp-embed-link\" href=\"https:\/\/express.adobe.com\/page\/4Q0qwhySI9IpI\/\" target=\"_blank\" rel=\"noopener\"><img decoding=\"async\" style=\"width: 100%;\" src=\"https:\/\/express.adobe.com\/page\/4Q0qwhySI9IpI\/embed.jpg?buster=1666004815919\" alt=\"FICVI\" border=\"0\" \/><\/a><\/p>\n","protected":false},"excerpt":{"rendered":"<p>Avui, dia 17 d&#8217;octubre, els\/les alumnes de CS hem anat al celler per a participar en la 7ena edici\u00f3 del FICVI (Festival Internacional de Curtmetratges de Vila-Seca). Un cop all\u00ed, hem pogut veure 5 curts d&#8217;animaci\u00f3 amb uns missatges que no ens han deixat indiferents.<br \/>\nValors&hellip;  <a href=\"https:\/\/agora.xtec.cat\/esc-laplana\/general\/anem-al-ficvi\/\" title=\"Read Anem al FICVI!\">Llegeix m\u00e9s\u00bb<\/a><\/p>\n","protected":false},"author":1,"featured_media":798,"comment_status":"open","ping_status":"closed","sticky":false,"template":"","format":"standard","meta":{"_bbp_topic_count":0,"_bbp_reply_count":0,"_bbp_total_topic_count":0,"_bbp_total_reply_count":0,"_bbp_voice_count":0,"_bbp_anonymous_reply_count":0,"_bbp_topic_count_hidden":0,"_bbp_reply_count_hidden":0,"_bbp_forum_subforum_count":0,"footnotes":""},"categories":[14,1,4,5,15],"tags":[],"class_list":["post-797","post","type-post","status-publish","format-standard","has-post-thumbnail","hentry","category-promo-15-23","category-general","category-portada","category-primaria","category-6e"],"post_mailing_queue_ids":[],"_links":{"self":[{"href":"https:\/\/agora.xtec.cat\/esc-laplana\/wp-json\/wp\/v2\/posts\/797","targetHints":{"allow":["GET"]}}],"collection":[{"href":"https:\/\/agora.xtec.cat\/esc-laplana\/wp-json\/wp\/v2\/posts"}],"about":[{"href":"https:\/\/agora.xtec.cat\/esc-laplana\/wp-json\/wp\/v2\/types\/post"}],"author":[{"embeddable":true,"href":"https:\/\/agora.xtec.cat\/esc-laplana\/wp-json\/wp\/v2\/users\/1"}],"replies":[{"embeddable":true,"href":"https:\/\/agora.xtec.cat\/esc-laplana\/wp-json\/wp\/v2\/comments?post=797"}],"version-history":[{"count":1,"href":"https:\/\/agora.xtec.cat\/esc-laplana\/wp-json\/wp\/v2\/posts\/797\/revisions"}],"predecessor-version":[{"id":799,"href":"https:\/\/agora.xtec.cat\/esc-laplana\/wp-json\/wp\/v2\/posts\/797\/revisions\/799"}],"wp:featuredmedia":[{"embeddable":true,"href":"https:\/\/agora.xtec.cat\/esc-laplana\/wp-json\/wp\/v2\/media\/798"}],"wp:attachment":[{"href":"https:\/\/agora.xtec.cat\/esc-laplana\/wp-json\/wp\/v2\/media?parent=797"}],"wp:term":[{"taxonomy":"category","embeddable":true,"href":"https:\/\/agora.xtec.cat\/esc-laplana\/wp-json\/wp\/v2\/categories?post=797"},{"taxonomy":"post_tag","embeddable":true,"href":"https:\/\/agora.xtec.cat\/esc-laplana\/wp-json\/wp\/v2\/tags?post=797"}],"curies":[{"name":"wp","href":"https:\/\/api.w.org\/{rel}","templated":true}]}}