{"id":783,"date":"2022-10-14T22:06:25","date_gmt":"2022-10-14T20:06:25","guid":{"rendered":"https:\/\/agora.xtec.cat\/esc-laplana\/?p=783"},"modified":"2022-10-16T18:27:26","modified_gmt":"2022-10-16T16:27:26","slug":"concurs-de-dibuix-residencia-davis","status":"publish","type":"post","link":"https:\/\/agora.xtec.cat\/esc-laplana\/general\/concurs-de-dibuix-residencia-davis\/","title":{"rendered":"Concurs de dibuix resid\u00e8ncia d&#8217;avis i \u00e0vies"},"content":{"rendered":"<p>El passat dimarts 11 d&#8217;octubre de 2002 la &#8220;Resid\u00e8ncia Vila-seca&#8221; va celebrar el lliurament de premis del <strong>13\u00e8 Concurs de Dibuix<\/strong> dins dels actes de la Setmana de la Gent Gran, organitzats per la Resid\u00e8ncia Vila-seca. Aquesta activitat forma part de les activitats del Pla Educatiu d&#8217;Entorn de Vila-seca.<\/p>\n<p>M\u00e9s de 300 nens i nenes han participat fent dibuixos. Els\/les alumnes de 3r de la nostra escola van fer uns dibuixos molt macos i <strong>el guanyador del 3r premi va ser el Lu\u00eds Miguel.<\/strong><\/p>\n<p>La Sra. Manuela Moya, regidora de Cultura, Coneixement i Relacions C\u00edviques de l&#8217;Ajuntament de Vila-Seca va fer l&#8217;entrega de premis als\/les guanyadors\/es del concurs. Els\/les assistents tamb\u00e9 van gaudir d&#8217;un conta-contes i d&#8217;un esmorzar.<\/p>\n<p>Va ser un mat\u00ed molt especial ja que els nostres avis i les nostres \u00e0vies s\u00f3n persones a les que hem de cuidar i ens agrada molt fer activitats tots plegats.<\/p>\n<p><strong>Enhorabona<\/strong> a tots i a totes els \/les participants i, en especial al nostre company Lu\u00eds Miguel!<br \/>\n<img loading=\"lazy\" decoding=\"async\" class=\"alignnone size-large wp-image-784\" src=\"https:\/\/agora.xtec.cat\/esc-laplana\/wp-content\/uploads\/usu2664\/2022\/10\/My-project-1-1-1024x1024.jpg\" alt=\"\" width=\"1024\" height=\"1024\" srcset=\"https:\/\/agora.xtec.cat\/esc-laplana\/wp-content\/uploads\/usu2664\/2022\/10\/My-project-1-1-1024x1024.jpg 1024w, https:\/\/agora.xtec.cat\/esc-laplana\/wp-content\/uploads\/usu2664\/2022\/10\/My-project-1-1-300x300.jpg 300w, https:\/\/agora.xtec.cat\/esc-laplana\/wp-content\/uploads\/usu2664\/2022\/10\/My-project-1-1-150x150.jpg 150w, https:\/\/agora.xtec.cat\/esc-laplana\/wp-content\/uploads\/usu2664\/2022\/10\/My-project-1-1-768x768.jpg 768w, https:\/\/agora.xtec.cat\/esc-laplana\/wp-content\/uploads\/usu2664\/2022\/10\/My-project-1-1-1536x1536.jpg 1536w, https:\/\/agora.xtec.cat\/esc-laplana\/wp-content\/uploads\/usu2664\/2022\/10\/My-project-1-1-2048x2048.jpg 2048w\" sizes=\"auto, (max-width: 1024px) 100vw, 1024px\" \/><\/p>\n","protected":false},"excerpt":{"rendered":"<p>El passat dimarts 11 d&#8217;octubre de 2002 la &#8220;Resid\u00e8ncia Vila-seca&#8221; va celebrar el lliurament de premis del 13\u00e8 Concurs de Dibuix dins dels actes de la Setmana de la Gent Gran, organitzats per la Resid\u00e8ncia Vila-seca. Aquesta activitat forma part de les activitats del Pla&hellip;  <a href=\"https:\/\/agora.xtec.cat\/esc-laplana\/general\/concurs-de-dibuix-residencia-davis\/\" title=\"Read Concurs de dibuix resid\u00e8ncia d&#8217;avis i \u00e0vies\">Llegeix m\u00e9s\u00bb<\/a><\/p>\n","protected":false},"author":1,"featured_media":784,"comment_status":"open","ping_status":"closed","sticky":false,"template":"","format":"standard","meta":{"_bbp_topic_count":0,"_bbp_reply_count":0,"_bbp_total_topic_count":0,"_bbp_total_reply_count":0,"_bbp_voice_count":0,"_bbp_anonymous_reply_count":0,"_bbp_topic_count_hidden":0,"_bbp_reply_count_hidden":0,"_bbp_forum_subforum_count":0,"footnotes":""},"categories":[12,1,4,5],"tags":[],"class_list":["post-783","post","type-post","status-publish","format-standard","has-post-thumbnail","hentry","category-5e-promo-17-25","category-general","category-portada","category-primaria"],"post_mailing_queue_ids":[],"_links":{"self":[{"href":"https:\/\/agora.xtec.cat\/esc-laplana\/wp-json\/wp\/v2\/posts\/783","targetHints":{"allow":["GET"]}}],"collection":[{"href":"https:\/\/agora.xtec.cat\/esc-laplana\/wp-json\/wp\/v2\/posts"}],"about":[{"href":"https:\/\/agora.xtec.cat\/esc-laplana\/wp-json\/wp\/v2\/types\/post"}],"author":[{"embeddable":true,"href":"https:\/\/agora.xtec.cat\/esc-laplana\/wp-json\/wp\/v2\/users\/1"}],"replies":[{"embeddable":true,"href":"https:\/\/agora.xtec.cat\/esc-laplana\/wp-json\/wp\/v2\/comments?post=783"}],"version-history":[{"count":3,"href":"https:\/\/agora.xtec.cat\/esc-laplana\/wp-json\/wp\/v2\/posts\/783\/revisions"}],"predecessor-version":[{"id":795,"href":"https:\/\/agora.xtec.cat\/esc-laplana\/wp-json\/wp\/v2\/posts\/783\/revisions\/795"}],"wp:featuredmedia":[{"embeddable":true,"href":"https:\/\/agora.xtec.cat\/esc-laplana\/wp-json\/wp\/v2\/media\/784"}],"wp:attachment":[{"href":"https:\/\/agora.xtec.cat\/esc-laplana\/wp-json\/wp\/v2\/media?parent=783"}],"wp:term":[{"taxonomy":"category","embeddable":true,"href":"https:\/\/agora.xtec.cat\/esc-laplana\/wp-json\/wp\/v2\/categories?post=783"},{"taxonomy":"post_tag","embeddable":true,"href":"https:\/\/agora.xtec.cat\/esc-laplana\/wp-json\/wp\/v2\/tags?post=783"}],"curies":[{"name":"wp","href":"https:\/\/api.w.org\/{rel}","templated":true}]}}