{"id":730,"date":"2022-10-07T20:35:01","date_gmt":"2022-10-07T18:35:01","guid":{"rendered":"https:\/\/agora.xtec.cat\/esc-laplana\/?p=730"},"modified":"2022-10-07T20:35:01","modified_gmt":"2022-10-07T18:35:01","slug":"escoltem-contes-al-biblioacces","status":"publish","type":"post","link":"https:\/\/agora.xtec.cat\/esc-laplana\/general\/escoltem-contes-al-biblioacces\/","title":{"rendered":"Escoltem contes al biblioacc\u00e9s!"},"content":{"rendered":"<p>Aquesta setmana els\/les alumnes d&#8217;Educaci\u00f3 Infantil i4\/i5 hem anat al Biblioacc\u00e9s! La Silvia Palaz\u00f3n ens ha explicat uns contes meravellosos i hem descobert que les coses, sovint, no s\u00f3n el que semblen; hi ha monstres que no s\u00f3n tan dolents si alg\u00fa els estima i bruixes que no han de canviar ni el seu nas, ni les seves orelles, ni els seus cabells,&#8230;per a ser m\u00e9s guapes.<\/p>\n<p>Despr\u00e9s ens han deixat una estoneta per mirar i remirar llibres! Moltes gr\u00e0cies!<\/p>\n<p><strong>Si voleu veure les imatges &#8220;cliqueu&#8221; a sobre de la fotografia.<\/strong><\/p>\n<p><script id=\"asp-embed-script\" data-zindex=\"1000000\" type=\"text\/javascript\" charset=\"utf-8\" src=\"https:\/\/express.adobe.com\/page-embed.js\"><\/script><a class=\"asp-embed-link\" href=\"https:\/\/express.adobe.com\/page\/IXLDuQHpKP2Li\/\" target=\"_blank\" rel=\"noopener\"><img decoding=\"async\" style=\"width: 100%;\" src=\"https:\/\/express.adobe.com\/page\/IXLDuQHpKP2Li\/embed.jpg?buster=1665167411230\" alt=\"Escoltem contes\" border=\"0\" \/><\/a><\/p>\n","protected":false},"excerpt":{"rendered":"<p>Aquesta setmana els\/les alumnes d&#8217;Educaci\u00f3 Infantil i4\/i5 hem anat al Biblioacc\u00e9s! La Silvia Palaz\u00f3n ens ha explicat uns contes meravellosos i hem descobert que les coses, sovint, no s\u00f3n el que semblen; hi ha monstres que no s\u00f3n tan dolents si alg\u00fa els estima i&hellip;  <a href=\"https:\/\/agora.xtec.cat\/esc-laplana\/general\/escoltem-contes-al-biblioacces\/\" title=\"Read Escoltem contes al biblioacc\u00e9s!\">Llegeix m\u00e9s\u00bb<\/a><\/p>\n","protected":false},"author":1,"featured_media":728,"comment_status":"open","ping_status":"closed","sticky":false,"template":"","format":"standard","meta":{"_bbp_topic_count":0,"_bbp_reply_count":0,"_bbp_total_topic_count":0,"_bbp_total_reply_count":0,"_bbp_voice_count":0,"_bbp_anonymous_reply_count":0,"_bbp_topic_count_hidden":0,"_bbp_reply_count_hidden":0,"_bbp_forum_subforum_count":0,"footnotes":""},"categories":[8,9,1,2,4],"tags":[],"class_list":["post-730","post","type-post","status-publish","format-standard","has-post-thumbnail","hentry","category-1r-promo-21-29","category-2n-promo-20-28","category-general","category-i4-promo-24-32","category-portada"],"post_mailing_queue_ids":[],"_links":{"self":[{"href":"https:\/\/agora.xtec.cat\/esc-laplana\/wp-json\/wp\/v2\/posts\/730","targetHints":{"allow":["GET"]}}],"collection":[{"href":"https:\/\/agora.xtec.cat\/esc-laplana\/wp-json\/wp\/v2\/posts"}],"about":[{"href":"https:\/\/agora.xtec.cat\/esc-laplana\/wp-json\/wp\/v2\/types\/post"}],"author":[{"embeddable":true,"href":"https:\/\/agora.xtec.cat\/esc-laplana\/wp-json\/wp\/v2\/users\/1"}],"replies":[{"embeddable":true,"href":"https:\/\/agora.xtec.cat\/esc-laplana\/wp-json\/wp\/v2\/comments?post=730"}],"version-history":[{"count":2,"href":"https:\/\/agora.xtec.cat\/esc-laplana\/wp-json\/wp\/v2\/posts\/730\/revisions"}],"predecessor-version":[{"id":732,"href":"https:\/\/agora.xtec.cat\/esc-laplana\/wp-json\/wp\/v2\/posts\/730\/revisions\/732"}],"wp:featuredmedia":[{"embeddable":true,"href":"https:\/\/agora.xtec.cat\/esc-laplana\/wp-json\/wp\/v2\/media\/728"}],"wp:attachment":[{"href":"https:\/\/agora.xtec.cat\/esc-laplana\/wp-json\/wp\/v2\/media?parent=730"}],"wp:term":[{"taxonomy":"category","embeddable":true,"href":"https:\/\/agora.xtec.cat\/esc-laplana\/wp-json\/wp\/v2\/categories?post=730"},{"taxonomy":"post_tag","embeddable":true,"href":"https:\/\/agora.xtec.cat\/esc-laplana\/wp-json\/wp\/v2\/tags?post=730"}],"curies":[{"name":"wp","href":"https:\/\/api.w.org\/{rel}","templated":true}]}}