{"id":727,"date":"2022-10-07T20:26:05","date_gmt":"2022-10-07T18:26:05","guid":{"rendered":"https:\/\/agora.xtec.cat\/esc-laplana\/?p=727"},"modified":"2022-10-07T20:26:05","modified_gmt":"2022-10-07T18:26:05","slug":"contes-per-a-cm-al-biblioacces","status":"publish","type":"post","link":"https:\/\/agora.xtec.cat\/esc-laplana\/general\/contes-per-a-cm-al-biblioacces\/","title":{"rendered":"Contes per a CM al Biblioacc\u00e9s"},"content":{"rendered":"<p>Aquesta setmana els\/les alumnes de Cicle Mitj\u00e0 hem anat al Biblioacc\u00e9s! All\u00ed ens esperava la Silvia Palaz\u00f3n, una magn\u00edfica narradora que ens ha explicat contes sobre monstres que no eren tan dolents i bruixes que no necessitaven canviar el seu aspecte f\u00edsic per a ser m\u00e9s guapes. Ens han encantat les hist\u00f2ries i hem gaudit molt\u00edssim!<\/p>\n<p><strong>Si voleu veure les imatges &#8220;cliqueu&#8221; a sobre de la fotografia.<\/strong><\/p>\n<p><script id=\"asp-embed-script\" data-zindex=\"1000000\" type=\"text\/javascript\" charset=\"utf-8\" src=\"https:\/\/express.adobe.com\/page-embed.js\"><\/script><a class=\"asp-embed-link\" href=\"https:\/\/express.adobe.com\/page\/XOwwplLN8edfP\/\" target=\"_blank\" rel=\"noopener\"><img decoding=\"async\" style=\"width: 100%;\" src=\"https:\/\/express.adobe.com\/page\/XOwwplLN8edfP\/embed.jpg?buster=1665166165011\" alt=\"CM Anem al Biblioacc\u00e9s\" border=\"0\" \/><\/a><\/p>\n","protected":false},"excerpt":{"rendered":"<p>Aquesta setmana els\/les alumnes de Cicle Mitj\u00e0 hem anat al Biblioacc\u00e9s! All\u00ed ens esperava la Silvia Palaz\u00f3n, una magn\u00edfica narradora que ens ha explicat contes sobre monstres que no eren tan dolents i bruixes que no necessitaven canviar el seu aspecte f\u00edsic per a ser&hellip;  <a href=\"https:\/\/agora.xtec.cat\/esc-laplana\/general\/contes-per-a-cm-al-biblioacces\/\" title=\"Read Contes per a CM al Biblioacc\u00e9s\">Llegeix m\u00e9s\u00bb<\/a><\/p>\n","protected":false},"author":1,"featured_media":728,"comment_status":"open","ping_status":"closed","sticky":false,"template":"","format":"standard","meta":{"_bbp_topic_count":0,"_bbp_reply_count":0,"_bbp_total_topic_count":0,"_bbp_total_reply_count":0,"_bbp_voice_count":0,"_bbp_anonymous_reply_count":0,"_bbp_topic_count_hidden":0,"_bbp_reply_count_hidden":0,"_bbp_forum_subforum_count":0,"footnotes":""},"categories":[13,12,1,4,5],"tags":[],"class_list":["post-727","post","type-post","status-publish","format-standard","has-post-thumbnail","hentry","category-promo-16-24","category-5e-promo-17-25","category-general","category-portada","category-primaria"],"post_mailing_queue_ids":[],"_links":{"self":[{"href":"https:\/\/agora.xtec.cat\/esc-laplana\/wp-json\/wp\/v2\/posts\/727","targetHints":{"allow":["GET"]}}],"collection":[{"href":"https:\/\/agora.xtec.cat\/esc-laplana\/wp-json\/wp\/v2\/posts"}],"about":[{"href":"https:\/\/agora.xtec.cat\/esc-laplana\/wp-json\/wp\/v2\/types\/post"}],"author":[{"embeddable":true,"href":"https:\/\/agora.xtec.cat\/esc-laplana\/wp-json\/wp\/v2\/users\/1"}],"replies":[{"embeddable":true,"href":"https:\/\/agora.xtec.cat\/esc-laplana\/wp-json\/wp\/v2\/comments?post=727"}],"version-history":[{"count":1,"href":"https:\/\/agora.xtec.cat\/esc-laplana\/wp-json\/wp\/v2\/posts\/727\/revisions"}],"predecessor-version":[{"id":729,"href":"https:\/\/agora.xtec.cat\/esc-laplana\/wp-json\/wp\/v2\/posts\/727\/revisions\/729"}],"wp:featuredmedia":[{"embeddable":true,"href":"https:\/\/agora.xtec.cat\/esc-laplana\/wp-json\/wp\/v2\/media\/728"}],"wp:attachment":[{"href":"https:\/\/agora.xtec.cat\/esc-laplana\/wp-json\/wp\/v2\/media?parent=727"}],"wp:term":[{"taxonomy":"category","embeddable":true,"href":"https:\/\/agora.xtec.cat\/esc-laplana\/wp-json\/wp\/v2\/categories?post=727"},{"taxonomy":"post_tag","embeddable":true,"href":"https:\/\/agora.xtec.cat\/esc-laplana\/wp-json\/wp\/v2\/tags?post=727"}],"curies":[{"name":"wp","href":"https:\/\/api.w.org\/{rel}","templated":true}]}}