{"id":2607,"date":"2026-04-23T17:36:06","date_gmt":"2026-04-23T15:36:06","guid":{"rendered":"https:\/\/agora.xtec.cat\/esc-laplana\/?p=2607"},"modified":"2026-04-23T17:36:06","modified_gmt":"2026-04-23T15:36:06","slug":"mar-sense-plastic-futur-fantastic","status":"publish","type":"post","link":"https:\/\/agora.xtec.cat\/esc-laplana\/general\/mar-sense-plastic-futur-fantastic\/","title":{"rendered":"Mar sense pl\u00e0stic, futur fant\u00e0stic!"},"content":{"rendered":"<p><strong>Mar sense pl\u00e0stic, futur fant\u00e0stic!<\/strong> \u00e9s el treball que ha presentat l\u2019alumnat de Cicle mitj\u00e0 al <em>Concurs El Gust per la lectura, <\/em>basat en el llibre \u201cCarlota Pastanaga. El Mastegapl\u00e0stics\u201d.<\/p>\n<p><iframe loading=\"lazy\" src=\"https:\/\/drive.google.com\/file\/d\/1GMXBbgwNZi4OJE0mn-NeyJBQxOzngIVS\/preview\" width=\"640\" height=\"480\"><\/iframe><br \/>\n<em>T\u00cdTOL: Mar sense pl\u00e0stic, futur fant\u00e0stic!<\/em><\/p>\n<p><em>NIVELL EDUCATIU: Cicle mitj\u00e0.<\/em><\/p>\n<p><em>CATEGORIA: B<\/em><\/p>\n<p><em>MODALITAT:<\/em>\u00a0 B2 Autor: Jordi Fenosa.<\/p>\n<p><em>LLIBRE ORIGINAL: FENOSA, Jordi. Carlota Pastanaga. El Mastegapl\u00e0stics,La Galera, 2021.<\/em><\/p>\n<p><img loading=\"lazy\" decoding=\"async\" class=\"alignnone wp-image-2599\" src=\"https:\/\/agora.xtec.cat\/esc-laplana\/wp-content\/uploads\/usu2664\/2026\/04\/RGB-2026-LOGO_Gran-HI-PARTICIPEM-1024x1024.png\" alt=\"\" width=\"298\" height=\"298\" srcset=\"https:\/\/agora.xtec.cat\/esc-laplana\/wp-content\/uploads\/usu2664\/2026\/04\/RGB-2026-LOGO_Gran-HI-PARTICIPEM-1024x1024.png 1024w, https:\/\/agora.xtec.cat\/esc-laplana\/wp-content\/uploads\/usu2664\/2026\/04\/RGB-2026-LOGO_Gran-HI-PARTICIPEM-300x300.png 300w, https:\/\/agora.xtec.cat\/esc-laplana\/wp-content\/uploads\/usu2664\/2026\/04\/RGB-2026-LOGO_Gran-HI-PARTICIPEM-150x150.png 150w, https:\/\/agora.xtec.cat\/esc-laplana\/wp-content\/uploads\/usu2664\/2026\/04\/RGB-2026-LOGO_Gran-HI-PARTICIPEM-768x768.png 768w, https:\/\/agora.xtec.cat\/esc-laplana\/wp-content\/uploads\/usu2664\/2026\/04\/RGB-2026-LOGO_Gran-HI-PARTICIPEM-1536x1536.png 1536w, https:\/\/agora.xtec.cat\/esc-laplana\/wp-content\/uploads\/usu2664\/2026\/04\/RGB-2026-LOGO_Gran-HI-PARTICIPEM.png 2000w\" sizes=\"auto, (max-width: 298px) 100vw, 298px\" \/><img loading=\"lazy\" decoding=\"async\" class=\"alignnone wp-image-2600\" src=\"https:\/\/agora.xtec.cat\/esc-laplana\/wp-content\/uploads\/usu2664\/2026\/04\/LOGO-XXIX-concurs-el-gust-per-la-lectura-transparent-2-1-1.png\" alt=\"\" width=\"449\" height=\"261\" srcset=\"https:\/\/agora.xtec.cat\/esc-laplana\/wp-content\/uploads\/usu2664\/2026\/04\/LOGO-XXIX-concurs-el-gust-per-la-lectura-transparent-2-1-1.png 672w, https:\/\/agora.xtec.cat\/esc-laplana\/wp-content\/uploads\/usu2664\/2026\/04\/LOGO-XXIX-concurs-el-gust-per-la-lectura-transparent-2-1-1-300x175.png 300w\" sizes=\"auto, (max-width: 449px) 100vw, 449px\" \/><\/p>\n","protected":false},"excerpt":{"rendered":"<p>Mar sense pl\u00e0stic, futur fant\u00e0stic! \u00e9s el treball que ha presentat l\u2019alumnat de Cicle mitj\u00e0 al Concurs El Gust per la lectura, basat en el llibre \u201cCarlota Pastanaga. El Mastegapl\u00e0stics\u201d.<\/p>\n<p>T\u00cdTOL: Mar sense pl\u00e0stic, futur fant\u00e0stic!<br \/>\nNIVELL EDUCATIU: Cicle mitj\u00e0.<br \/>\nCATEGORIA: B<br \/>\nMODALITAT:\u00a0 B2 Autor: Jordi Fenosa.<br \/>\nLLIBRE ORIGINAL: FENOSA,&hellip;  <a href=\"https:\/\/agora.xtec.cat\/esc-laplana\/general\/mar-sense-plastic-futur-fantastic\/\" title=\"Read Mar sense pl\u00e0stic, futur fant\u00e0stic!\">Llegeix m\u00e9s\u00bb<\/a><\/p>\n","protected":false},"author":1,"featured_media":0,"comment_status":"open","ping_status":"open","sticky":false,"template":"","format":"standard","meta":{"_bbp_topic_count":0,"_bbp_reply_count":0,"_bbp_total_topic_count":0,"_bbp_total_reply_count":0,"_bbp_voice_count":0,"_bbp_anonymous_reply_count":0,"_bbp_topic_count_hidden":0,"_bbp_reply_count_hidden":0,"_bbp_forum_subforum_count":0,"footnotes":""},"categories":[1,4],"tags":[],"class_list":["post-2607","post","type-post","status-publish","format-standard","hentry","category-general","category-portada"],"post_mailing_queue_ids":[],"_links":{"self":[{"href":"https:\/\/agora.xtec.cat\/esc-laplana\/wp-json\/wp\/v2\/posts\/2607","targetHints":{"allow":["GET"]}}],"collection":[{"href":"https:\/\/agora.xtec.cat\/esc-laplana\/wp-json\/wp\/v2\/posts"}],"about":[{"href":"https:\/\/agora.xtec.cat\/esc-laplana\/wp-json\/wp\/v2\/types\/post"}],"author":[{"embeddable":true,"href":"https:\/\/agora.xtec.cat\/esc-laplana\/wp-json\/wp\/v2\/users\/1"}],"replies":[{"embeddable":true,"href":"https:\/\/agora.xtec.cat\/esc-laplana\/wp-json\/wp\/v2\/comments?post=2607"}],"version-history":[{"count":3,"href":"https:\/\/agora.xtec.cat\/esc-laplana\/wp-json\/wp\/v2\/posts\/2607\/revisions"}],"predecessor-version":[{"id":2610,"href":"https:\/\/agora.xtec.cat\/esc-laplana\/wp-json\/wp\/v2\/posts\/2607\/revisions\/2610"}],"wp:attachment":[{"href":"https:\/\/agora.xtec.cat\/esc-laplana\/wp-json\/wp\/v2\/media?parent=2607"}],"wp:term":[{"taxonomy":"category","embeddable":true,"href":"https:\/\/agora.xtec.cat\/esc-laplana\/wp-json\/wp\/v2\/categories?post=2607"},{"taxonomy":"post_tag","embeddable":true,"href":"https:\/\/agora.xtec.cat\/esc-laplana\/wp-json\/wp\/v2\/tags?post=2607"}],"curies":[{"name":"wp","href":"https:\/\/api.w.org\/{rel}","templated":true}]}}