{"id":2596,"date":"2026-04-23T00:04:12","date_gmt":"2026-04-22T22:04:12","guid":{"rendered":"https:\/\/agora.xtec.cat\/esc-laplana\/?p=2596"},"modified":"2026-04-23T00:08:46","modified_gmt":"2026-04-22T22:08:46","slug":"qui-ha-posat-un-llimac-a-la-nevera","status":"publish","type":"post","link":"https:\/\/agora.xtec.cat\/esc-laplana\/general\/qui-ha-posat-un-llimac-a-la-nevera\/","title":{"rendered":"QUI HA POSAT UN LLIMAC A LA NEVERA?"},"content":{"rendered":"<p><strong>\u201cQui ha posat un llimac a la nevera?\u201d<\/strong> \u00e9s el treball que ha presentat l\u2019alumnat de Cicle Inicial (1r i 2n) al <em>Concurs El Gust per la lectura, <\/em>basat en el llibre \u201cREVABES\u201d. Aquest v\u00eddeo \u00e9s una adaptaci\u00f3 de la hist\u00f2ria original en format de breu di\u00e0leg on explica les perip\u00e8cies d&#8217;un llimac ben eixerit!<\/p>\n<p><iframe loading=\"lazy\" src=\"https:\/\/drive.google.com\/file\/d\/1KrO9iAXVfkOARHxHZ3kPyHw_8KkLpD0E\/preview\" width=\"640\" height=\"480\"><\/iframe><br \/>\n<em>T\u00cdTOL: Qui ha posat un llimac a la nevera?<\/em><\/p>\n<p><em>NIVELL EDUCATIU: Cicle Inicial.<\/em><\/p>\n<p><em>CATEGORIA: A<\/em><\/p>\n<p><em>MODALITAT:<\/em>\u00a0 A2 Autor: Jordi Fenosa.<\/p>\n<p><em>LLIBRE ORIGINAL: FENOSA, Jordi. Revabes. Jollibre, 2021.<\/em><\/p>\n<p><img loading=\"lazy\" decoding=\"async\" class=\"alignnone wp-image-2599\" src=\"https:\/\/agora.xtec.cat\/esc-laplana\/wp-content\/uploads\/usu2664\/2026\/04\/RGB-2026-LOGO_Gran-HI-PARTICIPEM-1024x1024.png\" alt=\"\" width=\"298\" height=\"298\" srcset=\"https:\/\/agora.xtec.cat\/esc-laplana\/wp-content\/uploads\/usu2664\/2026\/04\/RGB-2026-LOGO_Gran-HI-PARTICIPEM-1024x1024.png 1024w, https:\/\/agora.xtec.cat\/esc-laplana\/wp-content\/uploads\/usu2664\/2026\/04\/RGB-2026-LOGO_Gran-HI-PARTICIPEM-300x300.png 300w, https:\/\/agora.xtec.cat\/esc-laplana\/wp-content\/uploads\/usu2664\/2026\/04\/RGB-2026-LOGO_Gran-HI-PARTICIPEM-150x150.png 150w, https:\/\/agora.xtec.cat\/esc-laplana\/wp-content\/uploads\/usu2664\/2026\/04\/RGB-2026-LOGO_Gran-HI-PARTICIPEM-768x768.png 768w, https:\/\/agora.xtec.cat\/esc-laplana\/wp-content\/uploads\/usu2664\/2026\/04\/RGB-2026-LOGO_Gran-HI-PARTICIPEM-1536x1536.png 1536w, https:\/\/agora.xtec.cat\/esc-laplana\/wp-content\/uploads\/usu2664\/2026\/04\/RGB-2026-LOGO_Gran-HI-PARTICIPEM.png 2000w\" sizes=\"auto, (max-width: 298px) 100vw, 298px\" \/><img loading=\"lazy\" decoding=\"async\" class=\"alignnone wp-image-2600\" src=\"https:\/\/agora.xtec.cat\/esc-laplana\/wp-content\/uploads\/usu2664\/2026\/04\/LOGO-XXIX-concurs-el-gust-per-la-lectura-transparent-2-1-1.png\" alt=\"\" width=\"449\" height=\"261\" srcset=\"https:\/\/agora.xtec.cat\/esc-laplana\/wp-content\/uploads\/usu2664\/2026\/04\/LOGO-XXIX-concurs-el-gust-per-la-lectura-transparent-2-1-1.png 672w, https:\/\/agora.xtec.cat\/esc-laplana\/wp-content\/uploads\/usu2664\/2026\/04\/LOGO-XXIX-concurs-el-gust-per-la-lectura-transparent-2-1-1-300x175.png 300w\" sizes=\"auto, (max-width: 449px) 100vw, 449px\" \/><\/p>\n","protected":false},"excerpt":{"rendered":"<p>\u201cQui ha posat un llimac a la nevera?\u201d \u00e9s el treball que ha presentat l\u2019alumnat de Cicle Inicial (1r i 2n) al Concurs El Gust per la lectura, basat en el llibre \u201cREVABES\u201d. Aquest v\u00eddeo \u00e9s una adaptaci\u00f3 de la hist\u00f2ria original en format de&hellip;  <a href=\"https:\/\/agora.xtec.cat\/esc-laplana\/general\/qui-ha-posat-un-llimac-a-la-nevera\/\" title=\"Read QUI HA POSAT UN LLIMAC A LA NEVERA?\">Llegeix m\u00e9s\u00bb<\/a><\/p>\n","protected":false},"author":1,"featured_media":0,"comment_status":"open","ping_status":"open","sticky":false,"template":"","format":"standard","meta":{"_bbp_topic_count":0,"_bbp_reply_count":0,"_bbp_total_topic_count":0,"_bbp_total_reply_count":0,"_bbp_voice_count":0,"_bbp_anonymous_reply_count":0,"_bbp_topic_count_hidden":0,"_bbp_reply_count_hidden":0,"_bbp_forum_subforum_count":0,"footnotes":""},"categories":[1,4,5],"tags":[],"class_list":["post-2596","post","type-post","status-publish","format-standard","hentry","category-general","category-portada","category-primaria"],"post_mailing_queue_ids":[],"_links":{"self":[{"href":"https:\/\/agora.xtec.cat\/esc-laplana\/wp-json\/wp\/v2\/posts\/2596","targetHints":{"allow":["GET"]}}],"collection":[{"href":"https:\/\/agora.xtec.cat\/esc-laplana\/wp-json\/wp\/v2\/posts"}],"about":[{"href":"https:\/\/agora.xtec.cat\/esc-laplana\/wp-json\/wp\/v2\/types\/post"}],"author":[{"embeddable":true,"href":"https:\/\/agora.xtec.cat\/esc-laplana\/wp-json\/wp\/v2\/users\/1"}],"replies":[{"embeddable":true,"href":"https:\/\/agora.xtec.cat\/esc-laplana\/wp-json\/wp\/v2\/comments?post=2596"}],"version-history":[{"count":5,"href":"https:\/\/agora.xtec.cat\/esc-laplana\/wp-json\/wp\/v2\/posts\/2596\/revisions"}],"predecessor-version":[{"id":2605,"href":"https:\/\/agora.xtec.cat\/esc-laplana\/wp-json\/wp\/v2\/posts\/2596\/revisions\/2605"}],"wp:attachment":[{"href":"https:\/\/agora.xtec.cat\/esc-laplana\/wp-json\/wp\/v2\/media?parent=2596"}],"wp:term":[{"taxonomy":"category","embeddable":true,"href":"https:\/\/agora.xtec.cat\/esc-laplana\/wp-json\/wp\/v2\/categories?post=2596"},{"taxonomy":"post_tag","embeddable":true,"href":"https:\/\/agora.xtec.cat\/esc-laplana\/wp-json\/wp\/v2\/tags?post=2596"}],"curies":[{"name":"wp","href":"https:\/\/api.w.org\/{rel}","templated":true}]}}