{"id":2549,"date":"2026-02-22T22:55:37","date_gmt":"2026-02-22T21:55:37","guid":{"rendered":"https:\/\/agora.xtec.cat\/esc-laplana\/?p=2549"},"modified":"2026-02-22T22:55:37","modified_gmt":"2026-02-22T21:55:37","slug":"xiv-ena-setmana-de-la-salut","status":"publish","type":"post","link":"https:\/\/agora.xtec.cat\/esc-laplana\/general\/xiv-ena-setmana-de-la-salut\/","title":{"rendered":"XIV ena SETMANA DE LA SALUT"},"content":{"rendered":"<p>Com cada any, hem celebrat la XIVena Setmana de la Salut ja que l&#8217;escola forma part de la Programa SI (Salut Integral). Vam comen\u00e7ar les jornades rebent al CARDIO a l&#8217;escola on ens va recordar la import\u00e0ncia de moure&#8217;ns i ens va oferir un berenar solidari.<\/p>\n<p><a href=\"https:\/\/drive.google.com\/drive\/folders\/1xLeQ0BFtD3yjT_p7OP3O7413VwYlD776?usp=drive_link\"><img loading=\"lazy\" decoding=\"async\" class=\"alignnone wp-image-2551\" src=\"https:\/\/agora.xtec.cat\/esc-laplana\/wp-content\/uploads\/usu2664\/2026\/02\/VISITA-CARDIO-1-1024x1024.jpeg\" alt=\"\" width=\"710\" height=\"710\" srcset=\"https:\/\/agora.xtec.cat\/esc-laplana\/wp-content\/uploads\/usu2664\/2026\/02\/VISITA-CARDIO-1-1024x1024.jpeg 1024w, https:\/\/agora.xtec.cat\/esc-laplana\/wp-content\/uploads\/usu2664\/2026\/02\/VISITA-CARDIO-1-300x300.jpeg 300w, https:\/\/agora.xtec.cat\/esc-laplana\/wp-content\/uploads\/usu2664\/2026\/02\/VISITA-CARDIO-1-150x150.jpeg 150w, https:\/\/agora.xtec.cat\/esc-laplana\/wp-content\/uploads\/usu2664\/2026\/02\/VISITA-CARDIO-1-768x768.jpeg 768w, https:\/\/agora.xtec.cat\/esc-laplana\/wp-content\/uploads\/usu2664\/2026\/02\/VISITA-CARDIO-1-1536x1536.jpeg 1536w, https:\/\/agora.xtec.cat\/esc-laplana\/wp-content\/uploads\/usu2664\/2026\/02\/VISITA-CARDIO-1-2048x2048.jpeg 2048w\" sizes=\"auto, (max-width: 710px) 100vw, 710px\" \/><\/a><\/p>\n<p><iframe loading=\"lazy\" src=\"https:\/\/drive.google.com\/file\/d\/1q5iC27dr-6-TovT0JpigWJHjANYH8_4n\/preview\" width=\"640\" height=\"480\"><\/iframe><br \/>\nEs van realitzar altres activitats com educaci\u00f3 vi\u00e0ria, receptes saludables, ioga, explicaci\u00f3 de contes i jocs de taula, la visita d&#8217;una xef i la masterclass de zumba del Marc!<\/p>\n<p><a href=\"https:\/\/drive.google.com\/drive\/folders\/1xLeQ0BFtD3yjT_p7OP3O7413VwYlD776?usp=drive_link\"><img loading=\"lazy\" decoding=\"async\" class=\"alignnone wp-image-2550 \" src=\"https:\/\/agora.xtec.cat\/esc-laplana\/wp-content\/uploads\/usu2664\/2026\/02\/setmana-de-la-salut-1024x791.jpeg\" alt=\"\" width=\"822\" height=\"635\" srcset=\"https:\/\/agora.xtec.cat\/esc-laplana\/wp-content\/uploads\/usu2664\/2026\/02\/setmana-de-la-salut-1024x791.jpeg 1024w, https:\/\/agora.xtec.cat\/esc-laplana\/wp-content\/uploads\/usu2664\/2026\/02\/setmana-de-la-salut-300x232.jpeg 300w, https:\/\/agora.xtec.cat\/esc-laplana\/wp-content\/uploads\/usu2664\/2026\/02\/setmana-de-la-salut-768x594.jpeg 768w, https:\/\/agora.xtec.cat\/esc-laplana\/wp-content\/uploads\/usu2664\/2026\/02\/setmana-de-la-salut-1536x1187.jpeg 1536w, https:\/\/agora.xtec.cat\/esc-laplana\/wp-content\/uploads\/usu2664\/2026\/02\/setmana-de-la-salut.jpeg 1999w\" sizes=\"auto, (max-width: 822px) 100vw, 822px\" \/><\/a><\/p>\n<p>Moltes gr\u00e0cies als\/les voluntaris\/es que han fet possible les diferents activitats i a l&#8217;Ajuntament de Vila-Seca.<\/p>\n<p><strong>Si voleu veure fotografies de les diferents activitats feu &#8220;clic&#8221; a sobre de les imatges.<\/strong><\/p>\n","protected":false},"excerpt":{"rendered":"<p>Com cada any, hem celebrat la XIVena Setmana de la Salut ja que l&#8217;escola forma part de la Programa SI (Salut Integral). Vam comen\u00e7ar les jornades rebent al CARDIO a l&#8217;escola on ens va recordar la import\u00e0ncia de moure&#8217;ns i ens va oferir un berenar&hellip;  <a href=\"https:\/\/agora.xtec.cat\/esc-laplana\/general\/xiv-ena-setmana-de-la-salut\/\" title=\"Read XIV ena SETMANA DE LA SALUT\">Llegeix m\u00e9s\u00bb<\/a><\/p>\n","protected":false},"author":1,"featured_media":0,"comment_status":"open","ping_status":"open","sticky":false,"template":"","format":"standard","meta":{"_bbp_topic_count":0,"_bbp_reply_count":0,"_bbp_total_topic_count":0,"_bbp_total_reply_count":0,"_bbp_voice_count":0,"_bbp_anonymous_reply_count":0,"_bbp_topic_count_hidden":0,"_bbp_reply_count_hidden":0,"_bbp_forum_subforum_count":0,"footnotes":""},"categories":[1,4],"tags":[],"class_list":["post-2549","post","type-post","status-publish","format-standard","hentry","category-general","category-portada"],"post_mailing_queue_ids":[],"_links":{"self":[{"href":"https:\/\/agora.xtec.cat\/esc-laplana\/wp-json\/wp\/v2\/posts\/2549","targetHints":{"allow":["GET"]}}],"collection":[{"href":"https:\/\/agora.xtec.cat\/esc-laplana\/wp-json\/wp\/v2\/posts"}],"about":[{"href":"https:\/\/agora.xtec.cat\/esc-laplana\/wp-json\/wp\/v2\/types\/post"}],"author":[{"embeddable":true,"href":"https:\/\/agora.xtec.cat\/esc-laplana\/wp-json\/wp\/v2\/users\/1"}],"replies":[{"embeddable":true,"href":"https:\/\/agora.xtec.cat\/esc-laplana\/wp-json\/wp\/v2\/comments?post=2549"}],"version-history":[{"count":1,"href":"https:\/\/agora.xtec.cat\/esc-laplana\/wp-json\/wp\/v2\/posts\/2549\/revisions"}],"predecessor-version":[{"id":2552,"href":"https:\/\/agora.xtec.cat\/esc-laplana\/wp-json\/wp\/v2\/posts\/2549\/revisions\/2552"}],"wp:attachment":[{"href":"https:\/\/agora.xtec.cat\/esc-laplana\/wp-json\/wp\/v2\/media?parent=2549"}],"wp:term":[{"taxonomy":"category","embeddable":true,"href":"https:\/\/agora.xtec.cat\/esc-laplana\/wp-json\/wp\/v2\/categories?post=2549"},{"taxonomy":"post_tag","embeddable":true,"href":"https:\/\/agora.xtec.cat\/esc-laplana\/wp-json\/wp\/v2\/tags?post=2549"}],"curies":[{"name":"wp","href":"https:\/\/api.w.org\/{rel}","templated":true}]}}