{"id":2520,"date":"2026-02-03T10:54:50","date_gmt":"2026-02-03T09:54:50","guid":{"rendered":"https:\/\/agora.xtec.cat\/esc-laplana\/?p=2520"},"modified":"2026-02-03T10:55:16","modified_gmt":"2026-02-03T09:55:16","slug":"denip-25-26","status":"publish","type":"post","link":"https:\/\/agora.xtec.cat\/esc-laplana\/general\/denip-25-26\/","title":{"rendered":"DENIP 25-26"},"content":{"rendered":"<p>El passat divendres 30 de gener vam celebrar el DENIP (Dia Escolar de la No viol\u00e8ncia i de la Pau), aquest any sota el conte titulat &#8220;La Maleta&#8221; de l&#8217;autor Chis Naylor-Ballesteros.<\/p>\n<p style=\"text-align: center;\"><b>MANIFEST PER LA PAU \u2013 EL DIA DE LA MALETA<\/b><\/p>\n<p style=\"text-align: center;\"><span style=\"font-weight: 400;\">Avui \u00e9s el Dia de la Pau.<\/span><\/p>\n<p style=\"text-align: center;\"><span style=\"font-weight: 400;\">I avui pensem en una maleta.<\/span><\/p>\n<p style=\"text-align: center;\"><span style=\"font-weight: 400;\">Una maleta petita,<\/span><\/p>\n<p style=\"text-align: center;\"><span style=\"font-weight: 400;\">una maleta que no pesa gaire\u2026<\/span><\/p>\n<p style=\"text-align: center;\"><span style=\"font-weight: 400;\">per\u00f2 que a dins hi porta tota una vida.<\/span><\/p>\n<p style=\"text-align: center;\"><span style=\"font-weight: 400;\">A dins d\u2019aquesta maleta no hi ha joguines ni roba nova.<\/span><\/p>\n<p style=\"text-align: center;\"><span style=\"font-weight: 400;\">Hi ha records.<\/span><\/p>\n<p style=\"text-align: center;\"><span style=\"font-weight: 400;\">Hi ha una casa que ja no hi \u00e9s.<\/span><\/p>\n<p style=\"text-align: center;\"><span style=\"font-weight: 400;\">Hi ha abra\u00e7ades, rialles, pors i esperan\u00e7a.<\/span><\/p>\n<p style=\"text-align: center;\"><span style=\"font-weight: 400;\">Com el monstre del conte,<\/span><\/p>\n<p style=\"text-align: center;\"><span style=\"font-weight: 400;\">hi ha infants al m\u00f3n que han hagut de marxar<\/span><\/p>\n<p style=\"text-align: center;\"><span style=\"font-weight: 400;\">sense voler-ho,<\/span><\/p>\n<p style=\"text-align: center;\"><span style=\"font-weight: 400;\">sense entendre-ho,<\/span><\/p>\n<p style=\"text-align: center;\"><span style=\"font-weight: 400;\">nom\u00e9s amb una maleta i un gran silenci.<\/span><\/p>\n<p style=\"text-align: center;\"><span style=\"font-weight: 400;\">La pau no \u00e9s nom\u00e9s que no hi hagi guerres.<\/span><\/p>\n<p style=\"text-align: center;\"><span style=\"font-weight: 400;\">La pau \u00e9s obrir la porta,<\/span><\/p>\n<p style=\"text-align: center;\"><span style=\"font-weight: 400;\">fer lloc,<\/span><\/p>\n<p style=\"text-align: center;\"><span style=\"font-weight: 400;\">mirar als ulls<\/span><\/p>\n<p style=\"text-align: center;\"><span style=\"font-weight: 400;\">i dir: \u201cAqu\u00ed pots quedar-te. Aqu\u00ed est\u00e0s segur.\u201d<\/span><\/p>\n<p style=\"text-align: center;\"><span style=\"font-weight: 400;\">Avui us convidem a pensar:<\/span><\/p>\n<p style=\"text-align: center;\"><span style=\"font-weight: 400;\">qu\u00e8 hi portar\u00edeu vosaltres, dins la vostra maleta?<\/span><\/p>\n<p style=\"text-align: center;\"><span style=\"font-weight: 400;\">I sobretot\u2026<\/span><\/p>\n<p style=\"text-align: center;\"><span style=\"font-weight: 400;\">qu\u00e8 podem posar nosaltres dins la maleta dels altres?<\/span><\/p>\n<p style=\"text-align: center;\"><span style=\"font-weight: 400;\">Potser una paraula amable.<\/span><\/p>\n<p style=\"text-align: center;\"><span style=\"font-weight: 400;\">Potser una m\u00e0 amiga.<\/span><\/p>\n<p style=\"text-align: center;\"><span style=\"font-weight: 400;\">Potser un somriure.<\/span><\/p>\n<p style=\"text-align: center;\"><span style=\"font-weight: 400;\">Perqu\u00e8 la pau comen\u00e7a aix\u00ed:<\/span><\/p>\n<p style=\"text-align: center;\"><span style=\"font-weight: 400;\">quan cap nen ni nena hagi de marxar<\/span><\/p>\n<p style=\"text-align: center;\"><span style=\"font-weight: 400;\">amb la seva vida dins d\u2019una maleta.<\/span><\/p>\n<p><iframe loading=\"lazy\" src=\"https:\/\/drive.google.com\/file\/d\/1CGGTZoE1C2UsE5nTqsNfgi9x-O7kiI_Y\/preview\" width=\"640\" height=\"480\"><\/iframe><\/p>\n<p><strong>Per veure fotos de la celebraci\u00f3 feu &#8220;clic&#8221; a sobre de la fotografia<\/strong><\/p>\n<p><a href=\"https:\/\/drive.google.com\/drive\/folders\/1iEgyLuTvcPulJXIw4beaMeIzWHR0DrpG?usp=sharing\"><img loading=\"lazy\" decoding=\"async\" class=\"alignnone wp-image-2521\" src=\"https:\/\/agora.xtec.cat\/esc-laplana\/wp-content\/uploads\/usu2664\/2026\/02\/20260130_101330-1-1024x768.jpg\" alt=\"\" width=\"551\" height=\"413\" srcset=\"https:\/\/agora.xtec.cat\/esc-laplana\/wp-content\/uploads\/usu2664\/2026\/02\/20260130_101330-1-1024x768.jpg 1024w, https:\/\/agora.xtec.cat\/esc-laplana\/wp-content\/uploads\/usu2664\/2026\/02\/20260130_101330-1-300x225.jpg 300w, https:\/\/agora.xtec.cat\/esc-laplana\/wp-content\/uploads\/usu2664\/2026\/02\/20260130_101330-1-768x576.jpg 768w, https:\/\/agora.xtec.cat\/esc-laplana\/wp-content\/uploads\/usu2664\/2026\/02\/20260130_101330-1-1536x1152.jpg 1536w, https:\/\/agora.xtec.cat\/esc-laplana\/wp-content\/uploads\/usu2664\/2026\/02\/20260130_101330-1-2048x1536.jpg 2048w, https:\/\/agora.xtec.cat\/esc-laplana\/wp-content\/uploads\/usu2664\/2026\/02\/20260130_101330-1-200x150.jpg 200w\" sizes=\"auto, (max-width: 551px) 100vw, 551px\" \/><\/a><\/p>\n","protected":false},"excerpt":{"rendered":"<p>El passat divendres 30 de gener vam celebrar el DENIP (Dia Escolar de la No viol\u00e8ncia i de la Pau), aquest any sota el conte titulat &#8220;La Maleta&#8221; de l&#8217;autor Chis Naylor-Ballesteros.<br \/>\nMANIFEST PER LA PAU \u2013 EL DIA DE LA MALETA<br \/>\nAvui \u00e9s el Dia de&hellip;  <a href=\"https:\/\/agora.xtec.cat\/esc-laplana\/general\/denip-25-26\/\" title=\"Read DENIP 25-26\">Llegeix m\u00e9s\u00bb<\/a><\/p>\n","protected":false},"author":1,"featured_media":0,"comment_status":"open","ping_status":"open","sticky":false,"template":"","format":"standard","meta":{"_bbp_topic_count":0,"_bbp_reply_count":0,"_bbp_total_topic_count":0,"_bbp_total_reply_count":0,"_bbp_voice_count":0,"_bbp_anonymous_reply_count":0,"_bbp_topic_count_hidden":0,"_bbp_reply_count_hidden":0,"_bbp_forum_subforum_count":0,"footnotes":""},"categories":[1,4],"tags":[],"class_list":["post-2520","post","type-post","status-publish","format-standard","hentry","category-general","category-portada"],"post_mailing_queue_ids":[],"_links":{"self":[{"href":"https:\/\/agora.xtec.cat\/esc-laplana\/wp-json\/wp\/v2\/posts\/2520","targetHints":{"allow":["GET"]}}],"collection":[{"href":"https:\/\/agora.xtec.cat\/esc-laplana\/wp-json\/wp\/v2\/posts"}],"about":[{"href":"https:\/\/agora.xtec.cat\/esc-laplana\/wp-json\/wp\/v2\/types\/post"}],"author":[{"embeddable":true,"href":"https:\/\/agora.xtec.cat\/esc-laplana\/wp-json\/wp\/v2\/users\/1"}],"replies":[{"embeddable":true,"href":"https:\/\/agora.xtec.cat\/esc-laplana\/wp-json\/wp\/v2\/comments?post=2520"}],"version-history":[{"count":2,"href":"https:\/\/agora.xtec.cat\/esc-laplana\/wp-json\/wp\/v2\/posts\/2520\/revisions"}],"predecessor-version":[{"id":2523,"href":"https:\/\/agora.xtec.cat\/esc-laplana\/wp-json\/wp\/v2\/posts\/2520\/revisions\/2523"}],"wp:attachment":[{"href":"https:\/\/agora.xtec.cat\/esc-laplana\/wp-json\/wp\/v2\/media?parent=2520"}],"wp:term":[{"taxonomy":"category","embeddable":true,"href":"https:\/\/agora.xtec.cat\/esc-laplana\/wp-json\/wp\/v2\/categories?post=2520"},{"taxonomy":"post_tag","embeddable":true,"href":"https:\/\/agora.xtec.cat\/esc-laplana\/wp-json\/wp\/v2\/tags?post=2520"}],"curies":[{"name":"wp","href":"https:\/\/api.w.org\/{rel}","templated":true}]}}