{"id":2514,"date":"2026-01-26T13:57:06","date_gmt":"2026-01-26T12:57:06","guid":{"rendered":"https:\/\/agora.xtec.cat\/esc-laplana\/?p=2514"},"modified":"2026-01-26T13:57:50","modified_gmt":"2026-01-26T12:57:50","slug":"guixos-en-accio","status":"publish","type":"post","link":"https:\/\/agora.xtec.cat\/esc-laplana\/general\/guixos-en-accio\/","title":{"rendered":"GUIXOS EN ACCI\u00d3!"},"content":{"rendered":"<p>Hem arrencat aquest 2n trimestre de curs amb una nova proposta de pati. L&#8217;espai Bombolles tornar\u00e0 quan arribi el bon temps i ara, l&#8217;alumnat d&#8217;Educaci\u00f3 Prim\u00e0ria, est\u00e0 gaudint de &#8220;Guixos en acci\u00f3!&#8221;.<\/p>\n<p data-start=\"322\" data-end=\"656\">Aquesta iniciativa vol potenciar la <strong data-start=\"358\" data-end=\"416\">creativitat, l\u2019expressi\u00f3 art\u00edstica i el joc cooperatiu<\/strong>, tot oferint una alternativa tranquil\u00b7la i inclusiva als jocs m\u00e9s competitius. Dibuixar amb guix permet imaginar, compartir idees, crear jocs nous i expressar-se sense por a equivocar-se, ja que els dibuixos s\u00f3n ef\u00edmers i canvien cada dia.<\/p>\n<p data-start=\"658\" data-end=\"786\">Amb una acci\u00f3 senzilla i de baix cost, convertim el pati en un <strong data-start=\"721\" data-end=\"757\">espai m\u00e9s ric, divers i educatiu<\/strong>, on jugar tamb\u00e9 \u00e9s aprendre.<\/p>\n<p data-start=\"658\" data-end=\"786\">A continuaci\u00f3 hi ha un recull de fotografies de la bona acollida que ha tingut i dels moments de diversi\u00f3 compartits.<\/p>\n<p data-start=\"658\" data-end=\"786\"><a href=\"https:\/\/drive.google.com\/drive\/folders\/1QbdWil30XrTB4jCD14HXdlUeiX2fbV9n?usp=sharing\"><img loading=\"lazy\" decoding=\"async\" class=\"alignnone size-full wp-image-2515\" src=\"https:\/\/agora.xtec.cat\/esc-laplana\/wp-content\/uploads\/usu2664\/2026\/01\/IMG_4172-rotated.jpg\" alt=\"\" width=\"480\" height=\"640\" srcset=\"https:\/\/agora.xtec.cat\/esc-laplana\/wp-content\/uploads\/usu2664\/2026\/01\/IMG_4172-rotated.jpg 480w, https:\/\/agora.xtec.cat\/esc-laplana\/wp-content\/uploads\/usu2664\/2026\/01\/IMG_4172-225x300.jpg 225w\" sizes=\"auto, (max-width: 480px) 100vw, 480px\" \/><\/a><\/p>\n","protected":false},"excerpt":{"rendered":"<p>Hem arrencat aquest 2n trimestre de curs amb una nova proposta de pati. L&#8217;espai Bombolles tornar\u00e0 quan arribi el bon temps i ara, l&#8217;alumnat d&#8217;Educaci\u00f3 Prim\u00e0ria, est\u00e0 gaudint de &#8220;Guixos en acci\u00f3!&#8221;.<br \/>\nAquesta iniciativa vol potenciar la creativitat, l\u2019expressi\u00f3 art\u00edstica i el joc cooperatiu, tot oferint&hellip;  <a href=\"https:\/\/agora.xtec.cat\/esc-laplana\/general\/guixos-en-accio\/\" title=\"Read GUIXOS EN ACCI\u00d3!\">Llegeix m\u00e9s\u00bb<\/a><\/p>\n","protected":false},"author":1,"featured_media":0,"comment_status":"open","ping_status":"open","sticky":false,"template":"","format":"standard","meta":{"_bbp_topic_count":0,"_bbp_reply_count":0,"_bbp_total_topic_count":0,"_bbp_total_reply_count":0,"_bbp_voice_count":0,"_bbp_anonymous_reply_count":0,"_bbp_topic_count_hidden":0,"_bbp_reply_count_hidden":0,"_bbp_forum_subforum_count":0,"footnotes":""},"categories":[1,4],"tags":[],"class_list":["post-2514","post","type-post","status-publish","format-standard","hentry","category-general","category-portada"],"post_mailing_queue_ids":[],"_links":{"self":[{"href":"https:\/\/agora.xtec.cat\/esc-laplana\/wp-json\/wp\/v2\/posts\/2514","targetHints":{"allow":["GET"]}}],"collection":[{"href":"https:\/\/agora.xtec.cat\/esc-laplana\/wp-json\/wp\/v2\/posts"}],"about":[{"href":"https:\/\/agora.xtec.cat\/esc-laplana\/wp-json\/wp\/v2\/types\/post"}],"author":[{"embeddable":true,"href":"https:\/\/agora.xtec.cat\/esc-laplana\/wp-json\/wp\/v2\/users\/1"}],"replies":[{"embeddable":true,"href":"https:\/\/agora.xtec.cat\/esc-laplana\/wp-json\/wp\/v2\/comments?post=2514"}],"version-history":[{"count":1,"href":"https:\/\/agora.xtec.cat\/esc-laplana\/wp-json\/wp\/v2\/posts\/2514\/revisions"}],"predecessor-version":[{"id":2516,"href":"https:\/\/agora.xtec.cat\/esc-laplana\/wp-json\/wp\/v2\/posts\/2514\/revisions\/2516"}],"wp:attachment":[{"href":"https:\/\/agora.xtec.cat\/esc-laplana\/wp-json\/wp\/v2\/media?parent=2514"}],"wp:term":[{"taxonomy":"category","embeddable":true,"href":"https:\/\/agora.xtec.cat\/esc-laplana\/wp-json\/wp\/v2\/categories?post=2514"},{"taxonomy":"post_tag","embeddable":true,"href":"https:\/\/agora.xtec.cat\/esc-laplana\/wp-json\/wp\/v2\/tags?post=2514"}],"curies":[{"name":"wp","href":"https:\/\/api.w.org\/{rel}","templated":true}]}}