{"id":2505,"date":"2025-12-17T12:46:40","date_gmt":"2025-12-17T11:46:40","guid":{"rendered":"https:\/\/agora.xtec.cat\/esc-laplana\/?p=2505"},"modified":"2025-12-17T12:46:40","modified_gmt":"2025-12-17T11:46:40","slug":"lart-que-ens-uneix","status":"publish","type":"post","link":"https:\/\/agora.xtec.cat\/esc-laplana\/general\/lart-que-ens-uneix\/","title":{"rendered":"L&#8217;ART QUE ENS UNEIX"},"content":{"rendered":"<div style=\"width: 1920px;\" class=\"wp-video\"><!--[if lt IE 9]><script>document.createElement('video');<\/script><![endif]-->\n<video class=\"wp-video-shortcode\" id=\"video-2505-1\" width=\"1920\" height=\"1080\" preload=\"metadata\" controls=\"controls\"><source type=\"video\/mp4\" src=\"https:\/\/agora.xtec.cat\/esc-laplana\/wp-content\/uploads\/usu2664\/2025\/12\/disseny-sense-titol-2_KKwLP2yy.mp4?_=1\" \/><a href=\"https:\/\/agora.xtec.cat\/esc-laplana\/wp-content\/uploads\/usu2664\/2025\/12\/disseny-sense-titol-2_KKwLP2yy.mp4\">https:\/\/agora.xtec.cat\/esc-laplana\/wp-content\/uploads\/usu2664\/2025\/12\/disseny-sense-titol-2_KKwLP2yy.mp4<\/a><\/video><\/div>\n<p>El passat dijous dia 4 de desembre, els nens i les nenes de cicle mitj\u00e0 i superior, van tenir el plaer de tornar a gaudir del taller musical L&#8217;ART QUE ENS UNEIX, que ens ofereix la Diputaci\u00f3 de Tarragona.\u00a0 L&#8217;alumnat va poder gaudir d&#8217;un mat\u00ed ple de m\u00fasica en directe, fent un recorregut per la hist\u00f2ria musical.<\/p>\n<p>Que b\u00e9 ens ho vam passar!!!!!!<\/p>\n<p>&nbsp;<\/p>\n<p>&nbsp;<\/p>\n","protected":false},"excerpt":{"rendered":"<p><a href=\"https:\/\/agora.xtec.cat\/esc-laplana\/wp-content\/uploads\/usu2664\/2025\/12\/disseny-sense-titol-2_KKwLP2yy.mp4\">https:\/\/agora.xtec.cat\/esc-laplana\/wp-content\/uploads\/usu2664\/2025\/12\/disseny-sense-titol-2_KKwLP2yy.mp4<\/a><br \/>\nEl passat dijous dia 4 de desembre, els nens i les nenes de cicle mitj\u00e0 i superior, van tenir el plaer de tornar a gaudir del taller musical L&#8217;ART QUE ENS UNEIX, que ens ofereix la Diputaci\u00f3 de Tarragona.\u00a0 L&#8217;alumnat va poder gaudir d&#8217;un&hellip;  <a href=\"https:\/\/agora.xtec.cat\/esc-laplana\/general\/lart-que-ens-uneix\/\" title=\"Read L&#8217;ART QUE ENS UNEIX\">Llegeix m\u00e9s\u00bb<\/a><\/p>\n","protected":false},"author":1,"featured_media":0,"comment_status":"open","ping_status":"open","sticky":false,"template":"","format":"standard","meta":{"_bbp_topic_count":0,"_bbp_reply_count":0,"_bbp_total_topic_count":0,"_bbp_total_reply_count":0,"_bbp_voice_count":0,"_bbp_anonymous_reply_count":0,"_bbp_topic_count_hidden":0,"_bbp_reply_count_hidden":0,"_bbp_forum_subforum_count":0,"footnotes":""},"categories":[9,10,11,12,1,4],"tags":[],"class_list":["post-2505","post","type-post","status-publish","format-standard","hentry","category-2n-promo-20-28","category-3r-promo-19-27","category-4t-promo-18-26","category-5e-promo-17-25","category-general","category-portada"],"post_mailing_queue_ids":[],"_links":{"self":[{"href":"https:\/\/agora.xtec.cat\/esc-laplana\/wp-json\/wp\/v2\/posts\/2505","targetHints":{"allow":["GET"]}}],"collection":[{"href":"https:\/\/agora.xtec.cat\/esc-laplana\/wp-json\/wp\/v2\/posts"}],"about":[{"href":"https:\/\/agora.xtec.cat\/esc-laplana\/wp-json\/wp\/v2\/types\/post"}],"author":[{"embeddable":true,"href":"https:\/\/agora.xtec.cat\/esc-laplana\/wp-json\/wp\/v2\/users\/1"}],"replies":[{"embeddable":true,"href":"https:\/\/agora.xtec.cat\/esc-laplana\/wp-json\/wp\/v2\/comments?post=2505"}],"version-history":[{"count":1,"href":"https:\/\/agora.xtec.cat\/esc-laplana\/wp-json\/wp\/v2\/posts\/2505\/revisions"}],"predecessor-version":[{"id":2508,"href":"https:\/\/agora.xtec.cat\/esc-laplana\/wp-json\/wp\/v2\/posts\/2505\/revisions\/2508"}],"wp:attachment":[{"href":"https:\/\/agora.xtec.cat\/esc-laplana\/wp-json\/wp\/v2\/media?parent=2505"}],"wp:term":[{"taxonomy":"category","embeddable":true,"href":"https:\/\/agora.xtec.cat\/esc-laplana\/wp-json\/wp\/v2\/categories?post=2505"},{"taxonomy":"post_tag","embeddable":true,"href":"https:\/\/agora.xtec.cat\/esc-laplana\/wp-json\/wp\/v2\/tags?post=2505"}],"curies":[{"name":"wp","href":"https:\/\/api.w.org\/{rel}","templated":true}]}}