{"id":2498,"date":"2025-12-01T13:37:52","date_gmt":"2025-12-01T12:37:52","guid":{"rendered":"https:\/\/agora.xtec.cat\/esc-laplana\/?p=2498"},"modified":"2025-12-01T13:37:52","modified_gmt":"2025-12-01T12:37:52","slug":"celebrem-santa-cecilia-%f0%9f%8e%b6%f0%9f%8e%b6%f0%9f%8e%b6%f0%9f%8e%b6","status":"publish","type":"post","link":"https:\/\/agora.xtec.cat\/esc-laplana\/general\/celebrem-santa-cecilia-%f0%9f%8e%b6%f0%9f%8e%b6%f0%9f%8e%b6%f0%9f%8e%b6\/","title":{"rendered":"Celebrem Santa Cec\u00edlia \ud83c\udfb6\ud83c\udfb6\ud83c\udfb6\ud83c\udfb6"},"content":{"rendered":"<p>Us compartim la presentaci\u00f3 amb els v\u00eddeos de les actuacions que els alumnes van preparar per celebrar Santa Cec\u00edlia \ud83c\udfb6. Enguany hem treballat a partir del tema <strong data-start=\"248\" data-end=\"257\">\u201cSom\u201d<\/strong> del llibre de <strong data-start=\"272\" data-end=\"290\">Soledad Romero<\/strong> \ud83d\udcda, i cada grup ha creat una interpretaci\u00f3 pr\u00f2pia plena de creativitat i expressivitat \u2728.<br data-start=\"380\" data-end=\"383\" \/>Volem destacar especialment <strong data-start=\"411\" data-end=\"458\">l\u2019esfor\u00e7 i la dedicaci\u00f3 de tots els alumnes<\/strong> \ud83d\udcaa\ud83c\udf89, que han treballat amb entusiasme per fer-ho possible.<br data-start=\"518\" data-end=\"521\" \/>Esperem que en gaudiu tant com nosaltres! \ud83d\ude0a<\/p>\n<div style=\"position: relative; width: 100%; height: 0; padding-top: 75.0000%; padding-bottom: 0; box-shadow: 0 2px 8px 0 rgba(63,69,81,0.16); margin-top: 1.6em; margin-bottom: 0.9em; overflow: hidden; border-radius: 8px; will-change: transform;\"><iframe style=\"position: absolute; width: 100%; height: 100%; top: 0; left: 0; border: none; padding: 0; margin: 0;\" src=\"https:\/\/www.canva.com\/design\/DAG6Q3zqfME\/wtZuOGaRq94wnvrVjjyK3A\/view?embed\" allowfullscreen=\"allowfullscreen\"><br \/>\n<\/iframe><\/div>\n<p><a href=\"https:\/\/www.canva.com\/design\/DAG6Q3zqfME\/wtZuOGaRq94wnvrVjjyK3A\/view?utm_content=DAG6Q3zqfME&amp;utm_campaign=designshare&amp;utm_medium=embeds&amp;utm_source=link\" target=\"_blank\" rel=\"noopener\">Santa Cec\u00edlia 2025 Nodes Escola<\/a> de JOANA CERVELLO MASDEU<\/p>\n","protected":false},"excerpt":{"rendered":"<p>Us compartim la presentaci\u00f3 amb els v\u00eddeos de les actuacions que els alumnes van preparar per celebrar Santa Cec\u00edlia \ud83c\udfb6. Enguany hem treballat a partir del tema \u201cSom\u201d del llibre de Soledad Romero \ud83d\udcda, i cada grup ha creat una interpretaci\u00f3 pr\u00f2pia plena de creativitat&hellip;  <a href=\"https:\/\/agora.xtec.cat\/esc-laplana\/general\/celebrem-santa-cecilia-%f0%9f%8e%b6%f0%9f%8e%b6%f0%9f%8e%b6%f0%9f%8e%b6\/\" title=\"Read Celebrem Santa Cec\u00edlia \ud83c\udfb6\ud83c\udfb6\ud83c\udfb6\ud83c\udfb6\">Llegeix m\u00e9s\u00bb<\/a><\/p>\n","protected":false},"author":27,"featured_media":0,"comment_status":"open","ping_status":"open","sticky":false,"template":"","format":"standard","meta":{"_bbp_topic_count":0,"_bbp_reply_count":0,"_bbp_total_topic_count":0,"_bbp_total_reply_count":0,"_bbp_voice_count":0,"_bbp_anonymous_reply_count":0,"_bbp_topic_count_hidden":0,"_bbp_reply_count_hidden":0,"_bbp_forum_subforum_count":0,"footnotes":""},"categories":[1,4,5],"tags":[70],"class_list":["post-2498","post","type-post","status-publish","format-standard","hentry","category-general","category-portada","category-primaria","tag-musica"],"post_mailing_queue_ids":[],"_links":{"self":[{"href":"https:\/\/agora.xtec.cat\/esc-laplana\/wp-json\/wp\/v2\/posts\/2498","targetHints":{"allow":["GET"]}}],"collection":[{"href":"https:\/\/agora.xtec.cat\/esc-laplana\/wp-json\/wp\/v2\/posts"}],"about":[{"href":"https:\/\/agora.xtec.cat\/esc-laplana\/wp-json\/wp\/v2\/types\/post"}],"author":[{"embeddable":true,"href":"https:\/\/agora.xtec.cat\/esc-laplana\/wp-json\/wp\/v2\/users\/27"}],"replies":[{"embeddable":true,"href":"https:\/\/agora.xtec.cat\/esc-laplana\/wp-json\/wp\/v2\/comments?post=2498"}],"version-history":[{"count":1,"href":"https:\/\/agora.xtec.cat\/esc-laplana\/wp-json\/wp\/v2\/posts\/2498\/revisions"}],"predecessor-version":[{"id":2499,"href":"https:\/\/agora.xtec.cat\/esc-laplana\/wp-json\/wp\/v2\/posts\/2498\/revisions\/2499"}],"wp:attachment":[{"href":"https:\/\/agora.xtec.cat\/esc-laplana\/wp-json\/wp\/v2\/media?parent=2498"}],"wp:term":[{"taxonomy":"category","embeddable":true,"href":"https:\/\/agora.xtec.cat\/esc-laplana\/wp-json\/wp\/v2\/categories?post=2498"},{"taxonomy":"post_tag","embeddable":true,"href":"https:\/\/agora.xtec.cat\/esc-laplana\/wp-json\/wp\/v2\/tags?post=2498"}],"curies":[{"name":"wp","href":"https:\/\/api.w.org\/{rel}","templated":true}]}}