{"id":2496,"date":"2025-11-25T11:37:56","date_gmt":"2025-11-25T10:37:56","guid":{"rendered":"https:\/\/agora.xtec.cat\/esc-laplana\/?p=2496"},"modified":"2025-11-25T11:38:43","modified_gmt":"2025-11-25T10:38:43","slug":"25n","status":"publish","type":"post","link":"https:\/\/agora.xtec.cat\/esc-laplana\/general\/25n\/","title":{"rendered":"25N"},"content":{"rendered":"<p><b>Avui, 25 de novembre, celebrem el Dia Internacional per a l\u2019eliminaci\u00f3 de la viol\u00e8ncia contra les dones.<\/b><b><br \/>\n<\/b><span style=\"font-weight: 400;\">\u00c9s un dia molt important que es recorda a tot el m\u00f3n. Ens ensenya que totes les persones mereixem ser tractades amb respecte i bondat.<\/span><\/p>\n<p><span style=\"font-weight: 400;\">Avui tamb\u00e9 recordem tres germanes molt valentes, les germanes Mirabal, que van lluitar perqu\u00e8 la gent del seu pa\u00eds pogu\u00e9s ser lliure. La seva hist\u00f2ria ens anima a ser valentes i valents i a dir <\/span><b>NO <\/b><span style=\"font-weight: 400;\">a les injust\u00edcies.<\/span><\/p>\n<p><strong>A la nostra escola volem que tothom se senti segur i estimat. Aqu\u00ed no volem insults, ni menyspreu, ni cap manera de fer mal a ning\u00fa. Totes les nenes i dones \u2014i tamb\u00e9 els nens i els homes\u2014 tenen dret a viure en pau i amb respecte.<\/strong><\/p>\n<p><span style=\"font-weight: 400;\">Us demano a tots i totes que siguem persones respectuoses i amables:<\/span><span style=\"font-weight: 400;\"><br \/>\n<\/span><span style=\"font-weight: 400;\"> que ens parlem b\u00e9, que ens ajudem quan alg\u00fa ho necessita i que, si veiem alguna cosa injusta, no ens quedem callats. <\/span><b>Demanar ajuda \u00e9s important i \u00e9s un acte de valentia.<\/b><\/p>\n<p><span style=\"font-weight: 400;\">Per acabar aquest acte, <\/span><b>farem un minut de silenci per recordar i honorar totes les nenes i dones que han patit viol\u00e8ncia<\/b><span style=\"font-weight: 400;\">, i per expressar el nostre comprom\u00eds de construir un m\u00f3n sense maltractaments ni discriminaci\u00f3.<\/span><\/p>\n<p><span style=\"font-weight: 400;\">Gr\u00e0cies per fer entre tots i totes una escola on conviure sigui agradable, tranquil i bonic. Continuem treballant junts per fer un m\u00f3n millor, comen\u00e7ant pel nostre dia a dia aqu\u00ed a l\u2019escola.<\/span><\/p>\n<p><iframe loading=\"lazy\" src=\"https:\/\/drive.google.com\/file\/d\/1pMfcwxXGHqbmwW2oIbrnTG-d_6-itudG\/preview\" width=\"640\" height=\"480\"><\/iframe><\/p>\n","protected":false},"excerpt":{"rendered":"<p>Avui, 25 de novembre, celebrem el Dia Internacional per a l\u2019eliminaci\u00f3 de la viol\u00e8ncia contra les dones.<br \/>\n\u00c9s un dia molt important que es recorda a tot el m\u00f3n. Ens ensenya que totes les persones mereixem ser tractades amb respecte i bondat.<br \/>\nAvui tamb\u00e9 recordem tres germanes&hellip;  <a href=\"https:\/\/agora.xtec.cat\/esc-laplana\/general\/25n\/\" title=\"Read 25N\">Llegeix m\u00e9s\u00bb<\/a><\/p>\n","protected":false},"author":1,"featured_media":0,"comment_status":"open","ping_status":"open","sticky":false,"template":"","format":"standard","meta":{"_bbp_topic_count":0,"_bbp_reply_count":0,"_bbp_total_topic_count":0,"_bbp_total_reply_count":0,"_bbp_voice_count":0,"_bbp_anonymous_reply_count":0,"_bbp_topic_count_hidden":0,"_bbp_reply_count_hidden":0,"_bbp_forum_subforum_count":0,"footnotes":""},"categories":[1,4],"tags":[],"class_list":["post-2496","post","type-post","status-publish","format-standard","hentry","category-general","category-portada"],"post_mailing_queue_ids":[],"_links":{"self":[{"href":"https:\/\/agora.xtec.cat\/esc-laplana\/wp-json\/wp\/v2\/posts\/2496","targetHints":{"allow":["GET"]}}],"collection":[{"href":"https:\/\/agora.xtec.cat\/esc-laplana\/wp-json\/wp\/v2\/posts"}],"about":[{"href":"https:\/\/agora.xtec.cat\/esc-laplana\/wp-json\/wp\/v2\/types\/post"}],"author":[{"embeddable":true,"href":"https:\/\/agora.xtec.cat\/esc-laplana\/wp-json\/wp\/v2\/users\/1"}],"replies":[{"embeddable":true,"href":"https:\/\/agora.xtec.cat\/esc-laplana\/wp-json\/wp\/v2\/comments?post=2496"}],"version-history":[{"count":1,"href":"https:\/\/agora.xtec.cat\/esc-laplana\/wp-json\/wp\/v2\/posts\/2496\/revisions"}],"predecessor-version":[{"id":2497,"href":"https:\/\/agora.xtec.cat\/esc-laplana\/wp-json\/wp\/v2\/posts\/2496\/revisions\/2497"}],"wp:attachment":[{"href":"https:\/\/agora.xtec.cat\/esc-laplana\/wp-json\/wp\/v2\/media?parent=2496"}],"wp:term":[{"taxonomy":"category","embeddable":true,"href":"https:\/\/agora.xtec.cat\/esc-laplana\/wp-json\/wp\/v2\/categories?post=2496"},{"taxonomy":"post_tag","embeddable":true,"href":"https:\/\/agora.xtec.cat\/esc-laplana\/wp-json\/wp\/v2\/tags?post=2496"}],"curies":[{"name":"wp","href":"https:\/\/api.w.org\/{rel}","templated":true}]}}