{"id":2492,"date":"2025-11-25T09:01:03","date_gmt":"2025-11-25T08:01:03","guid":{"rendered":"https:\/\/agora.xtec.cat\/esc-laplana\/?p=2492"},"modified":"2025-11-25T09:01:56","modified_gmt":"2025-11-25T08:01:56","slug":"sortida-al-port-de-tarragona","status":"publish","type":"post","link":"https:\/\/agora.xtec.cat\/esc-laplana\/general\/sortida-al-port-de-tarragona\/","title":{"rendered":"SORTIDA AL PORT DE TARRAGONA"},"content":{"rendered":"<p>Aquest divendres 21 de novembre l&#8217;alumnat d&#8217;Educaci\u00f3 Infantil i de Cicle Inicial vam anar al Museu del Port de Tarragona. All\u00ed, l&#8217;Albert ens va explicar qu\u00e8 \u00e9s un port, com funciona, quins vaixells hi podem trobar, qu\u00e8 carreguen,&#8230;i mentre don\u00e0vem una volta amb barqueta vam poder observar com es treballa en aquesta part tant desconeguda de la ciutat. Tamb\u00e9 vam con\u00e8ixer paraules com babord, estribord, proa i popa i despr\u00e9s ens van explicar el conte de la Marina i del seu germ\u00e0 vivint mil i una aventures! Va ser un dia fant\u00e0stic!<\/p>\n<p><strong>Si voleu veure alguna fotografia feu clic a sobre de la imatge.<\/strong><\/p>\n<p><a href=\"https:\/\/drive.google.com\/drive\/folders\/10-Jq7IZjT8sCBcrJomyiWHkELIPJwJIM?usp=drive_link\"><img loading=\"lazy\" decoding=\"async\" class=\"alignnone wp-image-2493\" src=\"https:\/\/agora.xtec.cat\/esc-laplana\/wp-content\/uploads\/usu2664\/2025\/11\/port-de-tarragona-1-1024x791.png\" alt=\"\" width=\"583\" height=\"451\" srcset=\"https:\/\/agora.xtec.cat\/esc-laplana\/wp-content\/uploads\/usu2664\/2025\/11\/port-de-tarragona-1-1024x791.png 1024w, https:\/\/agora.xtec.cat\/esc-laplana\/wp-content\/uploads\/usu2664\/2025\/11\/port-de-tarragona-1-300x232.png 300w, https:\/\/agora.xtec.cat\/esc-laplana\/wp-content\/uploads\/usu2664\/2025\/11\/port-de-tarragona-1-768x593.png 768w, https:\/\/agora.xtec.cat\/esc-laplana\/wp-content\/uploads\/usu2664\/2025\/11\/port-de-tarragona-1-1536x1187.png 1536w, https:\/\/agora.xtec.cat\/esc-laplana\/wp-content\/uploads\/usu2664\/2025\/11\/port-de-tarragona-1.png 2000w\" sizes=\"auto, (max-width: 583px) 100vw, 583px\" \/><\/a><\/p>\n<p><iframe loading=\"lazy\" src=\"https:\/\/drive.google.com\/file\/d\/1d3oQLln32qhk4_dDzMPuu_wGwC7YUU_d\/preview\" width=\"640\" height=\"480\"><\/iframe><\/p>\n","protected":false},"excerpt":{"rendered":"<p>Aquest divendres 21 de novembre l&#8217;alumnat d&#8217;Educaci\u00f3 Infantil i de Cicle Inicial vam anar al Museu del Port de Tarragona. All\u00ed, l&#8217;Albert ens va explicar qu\u00e8 \u00e9s un port, com funciona, quins vaixells hi podem trobar, qu\u00e8 carreguen,&#8230;i mentre don\u00e0vem una volta amb barqueta vam&hellip;  <a href=\"https:\/\/agora.xtec.cat\/esc-laplana\/general\/sortida-al-port-de-tarragona\/\" title=\"Read SORTIDA AL PORT DE TARRAGONA\">Llegeix m\u00e9s\u00bb<\/a><\/p>\n","protected":false},"author":1,"featured_media":0,"comment_status":"open","ping_status":"open","sticky":false,"template":"","format":"standard","meta":{"_bbp_topic_count":0,"_bbp_reply_count":0,"_bbp_total_topic_count":0,"_bbp_total_reply_count":0,"_bbp_voice_count":0,"_bbp_anonymous_reply_count":0,"_bbp_topic_count_hidden":0,"_bbp_reply_count_hidden":0,"_bbp_forum_subforum_count":0,"footnotes":""},"categories":[1,4],"tags":[],"class_list":["post-2492","post","type-post","status-publish","format-standard","hentry","category-general","category-portada"],"post_mailing_queue_ids":[],"_links":{"self":[{"href":"https:\/\/agora.xtec.cat\/esc-laplana\/wp-json\/wp\/v2\/posts\/2492","targetHints":{"allow":["GET"]}}],"collection":[{"href":"https:\/\/agora.xtec.cat\/esc-laplana\/wp-json\/wp\/v2\/posts"}],"about":[{"href":"https:\/\/agora.xtec.cat\/esc-laplana\/wp-json\/wp\/v2\/types\/post"}],"author":[{"embeddable":true,"href":"https:\/\/agora.xtec.cat\/esc-laplana\/wp-json\/wp\/v2\/users\/1"}],"replies":[{"embeddable":true,"href":"https:\/\/agora.xtec.cat\/esc-laplana\/wp-json\/wp\/v2\/comments?post=2492"}],"version-history":[{"count":2,"href":"https:\/\/agora.xtec.cat\/esc-laplana\/wp-json\/wp\/v2\/posts\/2492\/revisions"}],"predecessor-version":[{"id":2495,"href":"https:\/\/agora.xtec.cat\/esc-laplana\/wp-json\/wp\/v2\/posts\/2492\/revisions\/2495"}],"wp:attachment":[{"href":"https:\/\/agora.xtec.cat\/esc-laplana\/wp-json\/wp\/v2\/media?parent=2492"}],"wp:term":[{"taxonomy":"category","embeddable":true,"href":"https:\/\/agora.xtec.cat\/esc-laplana\/wp-json\/wp\/v2\/categories?post=2492"},{"taxonomy":"post_tag","embeddable":true,"href":"https:\/\/agora.xtec.cat\/esc-laplana\/wp-json\/wp\/v2\/tags?post=2492"}],"curies":[{"name":"wp","href":"https:\/\/api.w.org\/{rel}","templated":true}]}}