{"id":2441,"date":"2025-06-20T08:44:49","date_gmt":"2025-06-20T06:44:49","guid":{"rendered":"https:\/\/agora.xtec.cat\/esc-laplana\/?p=2441"},"modified":"2025-06-20T08:47:59","modified_gmt":"2025-06-20T06:47:59","slug":"festa-de-lafa","status":"publish","type":"post","link":"https:\/\/agora.xtec.cat\/esc-laplana\/general\/festa-de-lafa\/","title":{"rendered":"FESTA DE L&#8217;AFA"},"content":{"rendered":"<p>Ahir pel mat\u00ed vam passar-ho d&#8217;all\u00f2 m\u00e9s b\u00e9, l&#8217;AFA de l&#8217;escola ens va preparar JOCS TRADICIONALS al pati de l&#8217;escola! Va ser un mat\u00ed ben divertit que va acabar amb un pica-pica per a totes i tots! MOLTES GR\u00c0CIES AFA!<\/p>\n<p><strong>(Si voleu veure imatges de l&#8217;activitat feu &#8220;clic&#8221; a sobre de la fotografia)<\/strong><\/p>\n<p><a href=\"https:\/\/drive.google.com\/drive\/folders\/1aOY3NfQP_OjboV0BfqavRlJBxaNrWlAH?usp=sharing\"><img loading=\"lazy\" decoding=\"async\" class=\"alignnone wp-image-2442\" src=\"https:\/\/agora.xtec.cat\/esc-laplana\/wp-content\/uploads\/usu2664\/2025\/06\/Neutral-Aesthetic-Photo-Collage-Desktop-Wallpaper-1024x576.jpg\" alt=\"\" width=\"675\" height=\"380\" srcset=\"https:\/\/agora.xtec.cat\/esc-laplana\/wp-content\/uploads\/usu2664\/2025\/06\/Neutral-Aesthetic-Photo-Collage-Desktop-Wallpaper-1024x576.jpg 1024w, https:\/\/agora.xtec.cat\/esc-laplana\/wp-content\/uploads\/usu2664\/2025\/06\/Neutral-Aesthetic-Photo-Collage-Desktop-Wallpaper-300x169.jpg 300w, https:\/\/agora.xtec.cat\/esc-laplana\/wp-content\/uploads\/usu2664\/2025\/06\/Neutral-Aesthetic-Photo-Collage-Desktop-Wallpaper-768x432.jpg 768w, https:\/\/agora.xtec.cat\/esc-laplana\/wp-content\/uploads\/usu2664\/2025\/06\/Neutral-Aesthetic-Photo-Collage-Desktop-Wallpaper-1536x864.jpg 1536w, https:\/\/agora.xtec.cat\/esc-laplana\/wp-content\/uploads\/usu2664\/2025\/06\/Neutral-Aesthetic-Photo-Collage-Desktop-Wallpaper.jpg 1920w\" sizes=\"auto, (max-width: 675px) 100vw, 675px\" \/><\/a><\/p>\n","protected":false},"excerpt":{"rendered":"<p>Ahir pel mat\u00ed vam passar-ho d&#8217;all\u00f2 m\u00e9s b\u00e9, l&#8217;AFA de l&#8217;escola ens va preparar JOCS TRADICIONALS al pati de l&#8217;escola! Va ser un mat\u00ed ben divertit que va acabar amb un pica-pica per a totes i tots! MOLTES GR\u00c0CIES AFA!<br \/>\n(Si voleu veure imatges de l&#8217;activitat&hellip;  <a href=\"https:\/\/agora.xtec.cat\/esc-laplana\/general\/festa-de-lafa\/\" title=\"Read FESTA DE L&#8217;AFA\">Llegeix m\u00e9s\u00bb<\/a><\/p>\n","protected":false},"author":1,"featured_media":0,"comment_status":"open","ping_status":"open","sticky":false,"template":"","format":"standard","meta":{"_bbp_topic_count":0,"_bbp_reply_count":0,"_bbp_total_topic_count":0,"_bbp_total_reply_count":0,"_bbp_voice_count":0,"_bbp_anonymous_reply_count":0,"_bbp_topic_count_hidden":0,"_bbp_reply_count_hidden":0,"_bbp_forum_subforum_count":0,"footnotes":""},"categories":[1,4],"tags":[],"class_list":["post-2441","post","type-post","status-publish","format-standard","hentry","category-general","category-portada"],"post_mailing_queue_ids":[],"_links":{"self":[{"href":"https:\/\/agora.xtec.cat\/esc-laplana\/wp-json\/wp\/v2\/posts\/2441","targetHints":{"allow":["GET"]}}],"collection":[{"href":"https:\/\/agora.xtec.cat\/esc-laplana\/wp-json\/wp\/v2\/posts"}],"about":[{"href":"https:\/\/agora.xtec.cat\/esc-laplana\/wp-json\/wp\/v2\/types\/post"}],"author":[{"embeddable":true,"href":"https:\/\/agora.xtec.cat\/esc-laplana\/wp-json\/wp\/v2\/users\/1"}],"replies":[{"embeddable":true,"href":"https:\/\/agora.xtec.cat\/esc-laplana\/wp-json\/wp\/v2\/comments?post=2441"}],"version-history":[{"count":3,"href":"https:\/\/agora.xtec.cat\/esc-laplana\/wp-json\/wp\/v2\/posts\/2441\/revisions"}],"predecessor-version":[{"id":2446,"href":"https:\/\/agora.xtec.cat\/esc-laplana\/wp-json\/wp\/v2\/posts\/2441\/revisions\/2446"}],"wp:attachment":[{"href":"https:\/\/agora.xtec.cat\/esc-laplana\/wp-json\/wp\/v2\/media?parent=2441"}],"wp:term":[{"taxonomy":"category","embeddable":true,"href":"https:\/\/agora.xtec.cat\/esc-laplana\/wp-json\/wp\/v2\/categories?post=2441"},{"taxonomy":"post_tag","embeddable":true,"href":"https:\/\/agora.xtec.cat\/esc-laplana\/wp-json\/wp\/v2\/tags?post=2441"}],"curies":[{"name":"wp","href":"https:\/\/api.w.org\/{rel}","templated":true}]}}