{"id":2436,"date":"2025-06-18T08:23:06","date_gmt":"2025-06-18T06:23:06","guid":{"rendered":"https:\/\/agora.xtec.cat\/esc-laplana\/?p=2436"},"modified":"2025-06-18T08:23:06","modified_gmt":"2025-06-18T06:23:06","slug":"2a-jornada-descacs","status":"publish","type":"post","link":"https:\/\/agora.xtec.cat\/esc-laplana\/portada\/2a-jornada-descacs\/","title":{"rendered":"2a Jornada d&#8217;Escacs"},"content":{"rendered":"<p style=\"text-align: justify;\">Ahir dimarts 17 de juny l&#8217;alumnat de Cicle Inicial va anar a l&#8217;escola Sant Bernat Calv\u00f3 de Vila-Seca per a participar en la <strong>2a Jornada d&#8217;Escacs<\/strong>. Aquesta activitat que forma part del Pla Educatiu d&#8217;Entorn de l&#8217;Ajuntament de Vila-Seca vol d\u00f3nar a con\u00e8ixer els beneficis dels Escacs i acostar aquest joc als m\u00e9s petits.<\/p>\n<p>Moltes gr\u00e0cies per organitzar aquesta jornada, ens va agradar molt!<\/p>\n<p><strong>(Si voleu veure imatges feu clic a sobre la fotografia).<\/strong><\/p>\n<p><a href=\"https:\/\/drive.google.com\/drive\/folders\/1_fsrHfrPEjA3-R6BlrME0GNS8oHSbzGJ?usp=sharing\"><img loading=\"lazy\" decoding=\"async\" class=\"alignnone wp-image-2437\" src=\"https:\/\/agora.xtec.cat\/esc-laplana\/wp-content\/uploads\/usu2664\/2025\/06\/20250617_124424-1-1024x768.jpg\" alt=\"\" width=\"547\" height=\"410\" srcset=\"https:\/\/agora.xtec.cat\/esc-laplana\/wp-content\/uploads\/usu2664\/2025\/06\/20250617_124424-1-1024x768.jpg 1024w, https:\/\/agora.xtec.cat\/esc-laplana\/wp-content\/uploads\/usu2664\/2025\/06\/20250617_124424-1-300x225.jpg 300w, https:\/\/agora.xtec.cat\/esc-laplana\/wp-content\/uploads\/usu2664\/2025\/06\/20250617_124424-1-768x576.jpg 768w, https:\/\/agora.xtec.cat\/esc-laplana\/wp-content\/uploads\/usu2664\/2025\/06\/20250617_124424-1-1536x1152.jpg 1536w, https:\/\/agora.xtec.cat\/esc-laplana\/wp-content\/uploads\/usu2664\/2025\/06\/20250617_124424-1-2048x1536.jpg 2048w, https:\/\/agora.xtec.cat\/esc-laplana\/wp-content\/uploads\/usu2664\/2025\/06\/20250617_124424-1-200x150.jpg 200w\" sizes=\"auto, (max-width: 547px) 100vw, 547px\" \/><\/a><\/p>\n","protected":false},"excerpt":{"rendered":"<p>Ahir dimarts 17 de juny l&#8217;alumnat de Cicle Inicial va anar a l&#8217;escola Sant Bernat Calv\u00f3 de Vila-Seca per a participar en la 2a Jornada d&#8217;Escacs. Aquesta activitat que forma part del Pla Educatiu d&#8217;Entorn de l&#8217;Ajuntament de Vila-Seca vol d\u00f3nar a con\u00e8ixer els beneficis&hellip;  <a href=\"https:\/\/agora.xtec.cat\/esc-laplana\/portada\/2a-jornada-descacs\/\" title=\"Read 2a Jornada d&#8217;Escacs\">Llegeix m\u00e9s\u00bb<\/a><\/p>\n","protected":false},"author":1,"featured_media":0,"comment_status":"open","ping_status":"open","sticky":false,"template":"","format":"standard","meta":{"_bbp_topic_count":0,"_bbp_reply_count":0,"_bbp_total_topic_count":0,"_bbp_total_reply_count":0,"_bbp_voice_count":0,"_bbp_anonymous_reply_count":0,"_bbp_topic_count_hidden":0,"_bbp_reply_count_hidden":0,"_bbp_forum_subforum_count":0,"footnotes":""},"categories":[8,4],"tags":[],"class_list":["post-2436","post","type-post","status-publish","format-standard","hentry","category-1r-promo-21-29","category-portada"],"post_mailing_queue_ids":[],"_links":{"self":[{"href":"https:\/\/agora.xtec.cat\/esc-laplana\/wp-json\/wp\/v2\/posts\/2436","targetHints":{"allow":["GET"]}}],"collection":[{"href":"https:\/\/agora.xtec.cat\/esc-laplana\/wp-json\/wp\/v2\/posts"}],"about":[{"href":"https:\/\/agora.xtec.cat\/esc-laplana\/wp-json\/wp\/v2\/types\/post"}],"author":[{"embeddable":true,"href":"https:\/\/agora.xtec.cat\/esc-laplana\/wp-json\/wp\/v2\/users\/1"}],"replies":[{"embeddable":true,"href":"https:\/\/agora.xtec.cat\/esc-laplana\/wp-json\/wp\/v2\/comments?post=2436"}],"version-history":[{"count":1,"href":"https:\/\/agora.xtec.cat\/esc-laplana\/wp-json\/wp\/v2\/posts\/2436\/revisions"}],"predecessor-version":[{"id":2438,"href":"https:\/\/agora.xtec.cat\/esc-laplana\/wp-json\/wp\/v2\/posts\/2436\/revisions\/2438"}],"wp:attachment":[{"href":"https:\/\/agora.xtec.cat\/esc-laplana\/wp-json\/wp\/v2\/media?parent=2436"}],"wp:term":[{"taxonomy":"category","embeddable":true,"href":"https:\/\/agora.xtec.cat\/esc-laplana\/wp-json\/wp\/v2\/categories?post=2436"},{"taxonomy":"post_tag","embeddable":true,"href":"https:\/\/agora.xtec.cat\/esc-laplana\/wp-json\/wp\/v2\/tags?post=2436"}],"curies":[{"name":"wp","href":"https:\/\/api.w.org\/{rel}","templated":true}]}}