{"id":2427,"date":"2025-06-13T14:08:32","date_gmt":"2025-06-13T12:08:32","guid":{"rendered":"https:\/\/agora.xtec.cat\/esc-laplana\/?p=2427"},"modified":"2025-06-13T14:30:35","modified_gmt":"2025-06-13T12:30:35","slug":"taller-dherbes-amb-mel","status":"publish","type":"post","link":"https:\/\/agora.xtec.cat\/esc-laplana\/general\/taller-dherbes-amb-mel\/","title":{"rendered":"Taller d&#8217;herbes amb mel"},"content":{"rendered":"<p>Durant els dies de la <strong>Festa Major<\/strong> de l&#8217;escola alguns alumnes van dur a terme un taller relacionat amb les <strong>plantes arom\u00e0tiques<\/strong>.<\/p>\n<p>El taller consistia en que a partir de les plantes arom\u00e0tiques que hem cultivat a l&#8217;hort pogu\u00e9ssim fer una <strong>infusi\u00f3<\/strong> i despr\u00e9s fer-ne un <strong>tastet<\/strong>.<\/p>\n<p>Aix\u00ed doncs, els alumnes van tindre l&#8217;oportunitat de veure-les d&#8217;aprop, olorar-les i fixar-se en les seves caracter\u00edstiques. En van escollir una, la van enganxar en un cartronet i van dibuixar-ne una altra de semblant al costat. Finalment van poder fer el tastet de la infusi\u00f3. <em>Si cliqueu a la imatge podreu veure alguna foto del taller.<\/em><\/p>\n<p><a href=\"https:\/\/drive.google.com\/drive\/folders\/1qHXbG-UT0V8_VSWRGBLK2NQ4UB4ED2a1?usp=drive_link\"><img loading=\"lazy\" decoding=\"async\" class=\"wp-image-2429 aligncenter\" src=\"https:\/\/agora.xtec.cat\/esc-laplana\/wp-content\/uploads\/usu2664\/2025\/06\/Taller-dherbes-amb-mel-baixa-resolucio-682x1024.jpg\" alt=\"\" width=\"371\" height=\"557\" srcset=\"https:\/\/agora.xtec.cat\/esc-laplana\/wp-content\/uploads\/usu2664\/2025\/06\/Taller-dherbes-amb-mel-baixa-resolucio-682x1024.jpg 682w, https:\/\/agora.xtec.cat\/esc-laplana\/wp-content\/uploads\/usu2664\/2025\/06\/Taller-dherbes-amb-mel-baixa-resolucio-200x300.jpg 200w, https:\/\/agora.xtec.cat\/esc-laplana\/wp-content\/uploads\/usu2664\/2025\/06\/Taller-dherbes-amb-mel-baixa-resolucio-768x1152.jpg 768w, https:\/\/agora.xtec.cat\/esc-laplana\/wp-content\/uploads\/usu2664\/2025\/06\/Taller-dherbes-amb-mel-baixa-resolucio-1024x1536.jpg 1024w, https:\/\/agora.xtec.cat\/esc-laplana\/wp-content\/uploads\/usu2664\/2025\/06\/Taller-dherbes-amb-mel-baixa-resolucio.jpg 1333w\" sizes=\"auto, (max-width: 371px) 100vw, 371px\" \/><\/a><\/p>\n","protected":false},"excerpt":{"rendered":"<p>Durant els dies de la Festa Major de l&#8217;escola alguns alumnes van dur a terme un taller relacionat amb les plantes arom\u00e0tiques.<br \/>\nEl taller consistia en que a partir de les plantes arom\u00e0tiques que hem cultivat a l&#8217;hort pogu\u00e9ssim fer una infusi\u00f3 i despr\u00e9s fer-ne un&hellip;  <a href=\"https:\/\/agora.xtec.cat\/esc-laplana\/general\/taller-dherbes-amb-mel\/\" title=\"Read Taller d&#8217;herbes amb mel\">Llegeix m\u00e9s\u00bb<\/a><\/p>\n","protected":false},"author":27,"featured_media":0,"comment_status":"open","ping_status":"open","sticky":false,"template":"","format":"standard","meta":{"_bbp_topic_count":0,"_bbp_reply_count":0,"_bbp_total_topic_count":0,"_bbp_total_reply_count":0,"_bbp_voice_count":0,"_bbp_anonymous_reply_count":0,"_bbp_topic_count_hidden":0,"_bbp_reply_count_hidden":0,"_bbp_forum_subforum_count":0,"footnotes":""},"categories":[1,69,4],"tags":[],"class_list":["post-2427","post","type-post","status-publish","format-standard","hentry","category-general","category-hort","category-portada"],"post_mailing_queue_ids":[],"_links":{"self":[{"href":"https:\/\/agora.xtec.cat\/esc-laplana\/wp-json\/wp\/v2\/posts\/2427","targetHints":{"allow":["GET"]}}],"collection":[{"href":"https:\/\/agora.xtec.cat\/esc-laplana\/wp-json\/wp\/v2\/posts"}],"about":[{"href":"https:\/\/agora.xtec.cat\/esc-laplana\/wp-json\/wp\/v2\/types\/post"}],"author":[{"embeddable":true,"href":"https:\/\/agora.xtec.cat\/esc-laplana\/wp-json\/wp\/v2\/users\/27"}],"replies":[{"embeddable":true,"href":"https:\/\/agora.xtec.cat\/esc-laplana\/wp-json\/wp\/v2\/comments?post=2427"}],"version-history":[{"count":6,"href":"https:\/\/agora.xtec.cat\/esc-laplana\/wp-json\/wp\/v2\/posts\/2427\/revisions"}],"predecessor-version":[{"id":2434,"href":"https:\/\/agora.xtec.cat\/esc-laplana\/wp-json\/wp\/v2\/posts\/2427\/revisions\/2434"}],"wp:attachment":[{"href":"https:\/\/agora.xtec.cat\/esc-laplana\/wp-json\/wp\/v2\/media?parent=2427"}],"wp:term":[{"taxonomy":"category","embeddable":true,"href":"https:\/\/agora.xtec.cat\/esc-laplana\/wp-json\/wp\/v2\/categories?post=2427"},{"taxonomy":"post_tag","embeddable":true,"href":"https:\/\/agora.xtec.cat\/esc-laplana\/wp-json\/wp\/v2\/tags?post=2427"}],"curies":[{"name":"wp","href":"https:\/\/api.w.org\/{rel}","templated":true}]}}