{"id":2381,"date":"2025-05-29T16:50:02","date_gmt":"2025-05-29T14:50:02","guid":{"rendered":"https:\/\/agora.xtec.cat\/esc-laplana\/?p=2381"},"modified":"2025-05-29T16:50:02","modified_gmt":"2025-05-29T14:50:02","slug":"descobrim-vila-seca","status":"publish","type":"post","link":"https:\/\/agora.xtec.cat\/esc-laplana\/general\/descobrim-vila-seca\/","title":{"rendered":"Descobrim Vila-seca!"},"content":{"rendered":"<p data-start=\"217\" data-end=\"529\">Ahir l&#8217;alumnat de 5\u00e8 vam gaudir d\u2019una jornada molt especial: una sortida per con\u00e8ixer millor el nostre municipi, Vila-seca. L\u2019alumnat va rec\u00f3rrer diferents punts d\u2019inter\u00e8s del municipi i va poder descobrir racons amb molta hist\u00f2ria, edificis emblem\u00e0tics i espais que formen part del nostre dia a dia, per\u00f2 que sovint passem per alt.<\/p>\n<p data-start=\"531\" data-end=\"854\">Durant el recorregut, vam visitar llocs com el Castell de Vila-seca, el Celler, el parc de la Torre d\u2019en Dol\u00e7a, la Pineda i altres espais significatius del nostre entorn. Aquesta experi\u00e8ncia ens ha ajudat a entendre millor el passat i el present del nostre poble, tot fomentant el respecte pel patrimoni i l\u2019arrelament a la comunitat.<\/p>\n<p data-start=\"531\" data-end=\"854\"><a href=\"https:\/\/agora.xtec.cat\/esc-laplana\/wp-content\/uploads\/usu2664\/2025\/05\/IMG_4224-3-scaled.jpg\"><img loading=\"lazy\" decoding=\"async\" class=\"wp-image-2384 aligncenter\" src=\"https:\/\/agora.xtec.cat\/esc-laplana\/wp-content\/uploads\/usu2664\/2025\/05\/IMG_4224-3-1024x768.jpg\" alt=\"\" width=\"498\" height=\"374\" srcset=\"https:\/\/agora.xtec.cat\/esc-laplana\/wp-content\/uploads\/usu2664\/2025\/05\/IMG_4224-3-1024x768.jpg 1024w, https:\/\/agora.xtec.cat\/esc-laplana\/wp-content\/uploads\/usu2664\/2025\/05\/IMG_4224-3-300x225.jpg 300w, https:\/\/agora.xtec.cat\/esc-laplana\/wp-content\/uploads\/usu2664\/2025\/05\/IMG_4224-3-768x576.jpg 768w, https:\/\/agora.xtec.cat\/esc-laplana\/wp-content\/uploads\/usu2664\/2025\/05\/IMG_4224-3-1536x1152.jpg 1536w, https:\/\/agora.xtec.cat\/esc-laplana\/wp-content\/uploads\/usu2664\/2025\/05\/IMG_4224-3-2048x1536.jpg 2048w, https:\/\/agora.xtec.cat\/esc-laplana\/wp-content\/uploads\/usu2664\/2025\/05\/IMG_4224-3-200x150.jpg 200w\" sizes=\"auto, (max-width: 498px) 100vw, 498px\" \/><\/a><\/p>\n","protected":false},"excerpt":{"rendered":"<p>Ahir l&#8217;alumnat de 5\u00e8 vam gaudir d\u2019una jornada molt especial: una sortida per con\u00e8ixer millor el nostre municipi, Vila-seca. L\u2019alumnat va rec\u00f3rrer diferents punts d\u2019inter\u00e8s del municipi i va poder descobrir racons amb molta hist\u00f2ria, edificis emblem\u00e0tics i espais que formen part del nostre dia&hellip;  <a href=\"https:\/\/agora.xtec.cat\/esc-laplana\/general\/descobrim-vila-seca\/\" title=\"Read Descobrim Vila-seca!\">Llegeix m\u00e9s\u00bb<\/a><\/p>\n","protected":false},"author":22,"featured_media":0,"comment_status":"open","ping_status":"closed","sticky":false,"template":"","format":"standard","meta":{"_bbp_topic_count":0,"_bbp_reply_count":0,"_bbp_total_topic_count":0,"_bbp_total_reply_count":0,"_bbp_voice_count":0,"_bbp_anonymous_reply_count":0,"_bbp_topic_count_hidden":0,"_bbp_reply_count_hidden":0,"_bbp_forum_subforum_count":0,"footnotes":""},"categories":[11,1,4],"tags":[],"class_list":["post-2381","post","type-post","status-publish","format-standard","hentry","category-4t-promo-18-26","category-general","category-portada"],"post_mailing_queue_ids":[],"_links":{"self":[{"href":"https:\/\/agora.xtec.cat\/esc-laplana\/wp-json\/wp\/v2\/posts\/2381","targetHints":{"allow":["GET"]}}],"collection":[{"href":"https:\/\/agora.xtec.cat\/esc-laplana\/wp-json\/wp\/v2\/posts"}],"about":[{"href":"https:\/\/agora.xtec.cat\/esc-laplana\/wp-json\/wp\/v2\/types\/post"}],"author":[{"embeddable":true,"href":"https:\/\/agora.xtec.cat\/esc-laplana\/wp-json\/wp\/v2\/users\/22"}],"replies":[{"embeddable":true,"href":"https:\/\/agora.xtec.cat\/esc-laplana\/wp-json\/wp\/v2\/comments?post=2381"}],"version-history":[{"count":2,"href":"https:\/\/agora.xtec.cat\/esc-laplana\/wp-json\/wp\/v2\/posts\/2381\/revisions"}],"predecessor-version":[{"id":2386,"href":"https:\/\/agora.xtec.cat\/esc-laplana\/wp-json\/wp\/v2\/posts\/2381\/revisions\/2386"}],"wp:attachment":[{"href":"https:\/\/agora.xtec.cat\/esc-laplana\/wp-json\/wp\/v2\/media?parent=2381"}],"wp:term":[{"taxonomy":"category","embeddable":true,"href":"https:\/\/agora.xtec.cat\/esc-laplana\/wp-json\/wp\/v2\/categories?post=2381"},{"taxonomy":"post_tag","embeddable":true,"href":"https:\/\/agora.xtec.cat\/esc-laplana\/wp-json\/wp\/v2\/tags?post=2381"}],"curies":[{"name":"wp","href":"https:\/\/api.w.org\/{rel}","templated":true}]}}