{"id":2376,"date":"2025-05-22T17:09:37","date_gmt":"2025-05-22T15:09:37","guid":{"rendered":"https:\/\/agora.xtec.cat\/esc-laplana\/?p=2376"},"modified":"2025-05-22T17:09:37","modified_gmt":"2025-05-22T15:09:37","slug":"la-classe-de-les-barretines-aprenem-a-programar","status":"publish","type":"post","link":"https:\/\/agora.xtec.cat\/esc-laplana\/general\/la-classe-de-les-barretines-aprenem-a-programar\/","title":{"rendered":"La classe de &#8220;Les Barretines&#8221; aprenem a programar!"},"content":{"rendered":"<p><span style=\"font-weight: 400;\">Aquest curs, la classe de \u201cLes Barretines\u201d ha realitzat diferents activitats per desenvolupar la compet\u00e8ncia digital i el pensament computacional, utilitzant la rob\u00f2tica com a eina educativa.\u00a0<\/span><\/p>\n<p><span style=\"font-weight: 400;\">Ens hem endinsat en la l\u00f2gica de la programaci\u00f3 mitjan\u00e7ant el conte Hola Ruby, l\u2019aventura de programar. Els nens i les nenes han tingut l\u2019oportunitat d\u2019aprendre que hi ha diferents maneres de resoldre qualsevol tipus de problema.\u00a0<\/span><\/p>\n<p><span style=\"font-weight: 400;\">A partir de les aventures de la Ruby i altres activitats, s\u2019ha treballat: com dividir els grans problemes en problemes m\u00e9s petits; com identificar tasques repetitives; com detectar patrons de moviment; com crear plans pas a pas i com pensar amb originalitat.<\/span><\/p>\n<p><span style=\"font-weight: 400;\">A m\u00e9s a m\u00e9s, hem format part de Robots en acci\u00f3!, un nou projecte de l\u2019\u00c0rea de Cultura Digital del Departament d\u2019Educaci\u00f3 i Formaci\u00f3 Professional. El projecte es compon de 6 reptes o missions que l\u2019alumnat ha superat amb l\u2019ajuda dels robots Tale-Bot disponibles a l\u2019escola. Coincidint amb l\u2019Any Internacional de la Ci\u00e8ncia i la Tecnologia Qu\u00e0ntiques, els reptes han introdu\u00eft conceptes relacionats amb la f\u00edsica, de manera senzilla, amb animacions que han facilitat la comprensi\u00f3 d\u2019aquests fen\u00f2mens naturals.\u00a0<\/span><\/p>\n<p>Clica al conte per veure tot el que hem fet!<\/p>\n<p style=\"text-align: left;\"><a href=\"https:\/\/drive.google.com\/drive\/folders\/1KszySYnzrHL68LNXMCEuKPKEx-j7fQng?usp=drive_link\"><img loading=\"lazy\" decoding=\"async\" class=\"alignnone size-full wp-image-2377\" src=\"https:\/\/agora.xtec.cat\/esc-laplana\/wp-content\/uploads\/usu2664\/2025\/05\/baixa.jpg\" alt=\"\" width=\"225\" height=\"225\" srcset=\"https:\/\/agora.xtec.cat\/esc-laplana\/wp-content\/uploads\/usu2664\/2025\/05\/baixa.jpg 225w, https:\/\/agora.xtec.cat\/esc-laplana\/wp-content\/uploads\/usu2664\/2025\/05\/baixa-150x150.jpg 150w\" sizes=\"auto, (max-width: 225px) 100vw, 225px\" \/><\/a><\/p>\n<p>&nbsp;<\/p>\n","protected":false},"excerpt":{"rendered":"<p>Aquest curs, la classe de \u201cLes Barretines\u201d ha realitzat diferents activitats per desenvolupar la compet\u00e8ncia digital i el pensament computacional, utilitzant la rob\u00f2tica com a eina educativa.\u00a0<br \/>\nEns hem endinsat en la l\u00f2gica de la programaci\u00f3 mitjan\u00e7ant el conte Hola Ruby, l\u2019aventura de programar. Els nens&hellip;  <a href=\"https:\/\/agora.xtec.cat\/esc-laplana\/general\/la-classe-de-les-barretines-aprenem-a-programar\/\" title=\"Read La classe de &#8220;Les Barretines&#8221; aprenem a programar!\">Llegeix m\u00e9s\u00bb<\/a><\/p>\n","protected":false},"author":1,"featured_media":0,"comment_status":"closed","ping_status":"closed","sticky":false,"template":"","format":"standard","meta":{"_bbp_topic_count":0,"_bbp_reply_count":0,"_bbp_total_topic_count":0,"_bbp_total_reply_count":0,"_bbp_voice_count":0,"_bbp_anonymous_reply_count":0,"_bbp_topic_count_hidden":0,"_bbp_reply_count_hidden":0,"_bbp_forum_subforum_count":0,"footnotes":""},"categories":[62,8,1,4,5],"tags":[],"class_list":["post-2376","post","type-post","status-publish","format-standard","hentry","category-i5-promo-22-30","category-1r-promo-21-29","category-general","category-portada","category-primaria"],"post_mailing_queue_ids":[],"_links":{"self":[{"href":"https:\/\/agora.xtec.cat\/esc-laplana\/wp-json\/wp\/v2\/posts\/2376","targetHints":{"allow":["GET"]}}],"collection":[{"href":"https:\/\/agora.xtec.cat\/esc-laplana\/wp-json\/wp\/v2\/posts"}],"about":[{"href":"https:\/\/agora.xtec.cat\/esc-laplana\/wp-json\/wp\/v2\/types\/post"}],"author":[{"embeddable":true,"href":"https:\/\/agora.xtec.cat\/esc-laplana\/wp-json\/wp\/v2\/users\/1"}],"replies":[{"embeddable":true,"href":"https:\/\/agora.xtec.cat\/esc-laplana\/wp-json\/wp\/v2\/comments?post=2376"}],"version-history":[{"count":3,"href":"https:\/\/agora.xtec.cat\/esc-laplana\/wp-json\/wp\/v2\/posts\/2376\/revisions"}],"predecessor-version":[{"id":2380,"href":"https:\/\/agora.xtec.cat\/esc-laplana\/wp-json\/wp\/v2\/posts\/2376\/revisions\/2380"}],"wp:attachment":[{"href":"https:\/\/agora.xtec.cat\/esc-laplana\/wp-json\/wp\/v2\/media?parent=2376"}],"wp:term":[{"taxonomy":"category","embeddable":true,"href":"https:\/\/agora.xtec.cat\/esc-laplana\/wp-json\/wp\/v2\/categories?post=2376"},{"taxonomy":"post_tag","embeddable":true,"href":"https:\/\/agora.xtec.cat\/esc-laplana\/wp-json\/wp\/v2\/tags?post=2376"}],"curies":[{"name":"wp","href":"https:\/\/api.w.org\/{rel}","templated":true}]}}