{"id":2362,"date":"2025-05-09T15:39:05","date_gmt":"2025-05-09T13:39:05","guid":{"rendered":"https:\/\/agora.xtec.cat\/esc-laplana\/?p=2362"},"modified":"2025-05-12T08:14:21","modified_gmt":"2025-05-12T06:14:21","slug":"expressem-el-que-hem-apres","status":"publish","type":"post","link":"https:\/\/agora.xtec.cat\/esc-laplana\/general\/expressem-el-que-hem-apres\/","title":{"rendered":"Expressem el que hem apr\u00e8s!"},"content":{"rendered":"<p><span style=\"font-weight: 400;\">Aquesta setmana les nenes i els nens de 4t han dut a terme una activitat d\u2019Educaci\u00f3 Art\u00edstica proposada per la Fundaci\u00f3 Bar\u00e7a en el marc de la prevenci\u00f3 del bullying a les escoles. Per aquesta ra\u00f3, van plasmar tot el que han apr\u00e8s sobre l\u2019assetjament escolar, tot dibuixant situacions de discriminaci\u00f3 que rebutgem i a tots\/es els\/les alumnes del grup ben units!\u00a0<\/span><\/p>\n<p><span style=\"font-weight: 400;\">NO VOLEM BULLYING!<\/span><\/p>\n<p>&nbsp;<\/p>\n<p><a href=\"https:\/\/agora.xtec.cat\/esc-laplana\/wp-content\/uploads\/usu2664\/2025\/05\/Article-4t-1.jpg\"><img loading=\"lazy\" decoding=\"async\" class=\"alignnone size-large wp-image-2364\" src=\"https:\/\/agora.xtec.cat\/esc-laplana\/wp-content\/uploads\/usu2664\/2025\/05\/Article-4t-1-682x1024.jpg\" alt=\"\" width=\"682\" height=\"1024\" srcset=\"https:\/\/agora.xtec.cat\/esc-laplana\/wp-content\/uploads\/usu2664\/2025\/05\/Article-4t-1-682x1024.jpg 682w, https:\/\/agora.xtec.cat\/esc-laplana\/wp-content\/uploads\/usu2664\/2025\/05\/Article-4t-1-200x300.jpg 200w, https:\/\/agora.xtec.cat\/esc-laplana\/wp-content\/uploads\/usu2664\/2025\/05\/Article-4t-1-768x1152.jpg 768w, https:\/\/agora.xtec.cat\/esc-laplana\/wp-content\/uploads\/usu2664\/2025\/05\/Article-4t-1-1024x1536.jpg 1024w, https:\/\/agora.xtec.cat\/esc-laplana\/wp-content\/uploads\/usu2664\/2025\/05\/Article-4t-1.jpg 1333w\" sizes=\"auto, (max-width: 682px) 100vw, 682px\" \/><\/a><\/p>\n<p>&nbsp;<\/p>\n<p>&nbsp;<\/p>\n","protected":false},"excerpt":{"rendered":"<p>Aquesta setmana les nenes i els nens de 4t han dut a terme una activitat d\u2019Educaci\u00f3 Art\u00edstica proposada per la Fundaci\u00f3 Bar\u00e7a en el marc de la prevenci\u00f3 del bullying a les escoles. Per aquesta ra\u00f3, van plasmar tot el que han apr\u00e8s sobre l\u2019assetjament&hellip;  <a href=\"https:\/\/agora.xtec.cat\/esc-laplana\/general\/expressem-el-que-hem-apres\/\" title=\"Read Expressem el que hem apr\u00e8s!\">Llegeix m\u00e9s\u00bb<\/a><\/p>\n","protected":false},"author":1,"featured_media":0,"comment_status":"closed","ping_status":"closed","sticky":false,"template":"","format":"standard","meta":{"_bbp_topic_count":0,"_bbp_reply_count":0,"_bbp_total_topic_count":0,"_bbp_total_reply_count":0,"_bbp_voice_count":0,"_bbp_anonymous_reply_count":0,"_bbp_topic_count_hidden":0,"_bbp_reply_count_hidden":0,"_bbp_forum_subforum_count":0,"footnotes":""},"categories":[10,1,4,5],"tags":[],"class_list":["post-2362","post","type-post","status-publish","format-standard","hentry","category-3r-promo-19-27","category-general","category-portada","category-primaria"],"post_mailing_queue_ids":[],"_links":{"self":[{"href":"https:\/\/agora.xtec.cat\/esc-laplana\/wp-json\/wp\/v2\/posts\/2362","targetHints":{"allow":["GET"]}}],"collection":[{"href":"https:\/\/agora.xtec.cat\/esc-laplana\/wp-json\/wp\/v2\/posts"}],"about":[{"href":"https:\/\/agora.xtec.cat\/esc-laplana\/wp-json\/wp\/v2\/types\/post"}],"author":[{"embeddable":true,"href":"https:\/\/agora.xtec.cat\/esc-laplana\/wp-json\/wp\/v2\/users\/1"}],"replies":[{"embeddable":true,"href":"https:\/\/agora.xtec.cat\/esc-laplana\/wp-json\/wp\/v2\/comments?post=2362"}],"version-history":[{"count":4,"href":"https:\/\/agora.xtec.cat\/esc-laplana\/wp-json\/wp\/v2\/posts\/2362\/revisions"}],"predecessor-version":[{"id":2370,"href":"https:\/\/agora.xtec.cat\/esc-laplana\/wp-json\/wp\/v2\/posts\/2362\/revisions\/2370"}],"wp:attachment":[{"href":"https:\/\/agora.xtec.cat\/esc-laplana\/wp-json\/wp\/v2\/media?parent=2362"}],"wp:term":[{"taxonomy":"category","embeddable":true,"href":"https:\/\/agora.xtec.cat\/esc-laplana\/wp-json\/wp\/v2\/categories?post=2362"},{"taxonomy":"post_tag","embeddable":true,"href":"https:\/\/agora.xtec.cat\/esc-laplana\/wp-json\/wp\/v2\/tags?post=2362"}],"curies":[{"name":"wp","href":"https:\/\/api.w.org\/{rel}","templated":true}]}}