{"id":2349,"date":"2025-04-30T20:34:33","date_gmt":"2025-04-30T18:34:33","guid":{"rendered":"https:\/\/agora.xtec.cat\/esc-laplana\/?p=2349"},"modified":"2025-04-30T20:34:33","modified_gmt":"2025-04-30T18:34:33","slug":"gimcana-esportiva-al-parc-de-la-plana","status":"publish","type":"post","link":"https:\/\/agora.xtec.cat\/esc-laplana\/general\/gimcana-esportiva-al-parc-de-la-plana\/","title":{"rendered":"GIMCANA ESPORTIVA AL PARC DE LA PLANA!"},"content":{"rendered":"<p style=\"text-align: justify;\">Hem acabat la setmana de la salut amb una GIMCANA ESPORTIVA al parc de la Plana. L&#8217;Esther i la Maria, les mestres d&#8217;Educaci\u00f3 F\u00edsica de l&#8217;escola ens han preparat diferents jocs tradicionals (el mocador, la xarranca, buscar cors, la petanca, memory saludable, les bales i jocs de punteria) i en grups hav\u00edem d&#8217;anar fent-los tots. Ha estat un mat\u00ed d&#8217;activitat f\u00edsica per\u00f2 tamb\u00e9 de molta diversi\u00f3.<\/p>\n<p>Volem donar les gr\u00e0cies a l&#8217;Ajuntament de Vila-Seca per deixar-nos utilitzar els serveis i per cedir-nos aquest espai que tenim a prop de la nostra escola i que tant ens agrada.<\/p>\n<p><strong>Tamb\u00e9 volem donar les gr\u00e0cies a la coordinadora del programa SI! la Raquel que, curs a curs, organitza unes activitats de la Setmana de la Salut ben xules!<\/strong><\/p>\n<p><a href=\"https:\/\/drive.google.com\/drive\/folders\/1QopIgxcgl5ua90hOuyJ9rPg-aSGuKXoV?usp=sharing\"><img loading=\"lazy\" decoding=\"async\" class=\"alignnone wp-image-2350\" src=\"https:\/\/agora.xtec.cat\/esc-laplana\/wp-content\/uploads\/usu2664\/2025\/04\/20250430_104506-1-1024x768.jpeg\" alt=\"\" width=\"659\" height=\"494\" srcset=\"https:\/\/agora.xtec.cat\/esc-laplana\/wp-content\/uploads\/usu2664\/2025\/04\/20250430_104506-1-1024x768.jpeg 1024w, https:\/\/agora.xtec.cat\/esc-laplana\/wp-content\/uploads\/usu2664\/2025\/04\/20250430_104506-1-300x225.jpeg 300w, https:\/\/agora.xtec.cat\/esc-laplana\/wp-content\/uploads\/usu2664\/2025\/04\/20250430_104506-1-768x576.jpeg 768w, https:\/\/agora.xtec.cat\/esc-laplana\/wp-content\/uploads\/usu2664\/2025\/04\/20250430_104506-1-1536x1152.jpeg 1536w, https:\/\/agora.xtec.cat\/esc-laplana\/wp-content\/uploads\/usu2664\/2025\/04\/20250430_104506-1-2048x1536.jpeg 2048w, https:\/\/agora.xtec.cat\/esc-laplana\/wp-content\/uploads\/usu2664\/2025\/04\/20250430_104506-1-200x150.jpeg 200w\" sizes=\"auto, (max-width: 659px) 100vw, 659px\" \/><\/a><\/p>\n<p><strong>(Si voleu veure m\u00e9s imatges feu &#8220;clic&#8221; a sobre de la fotografia).<\/strong><\/p>\n","protected":false},"excerpt":{"rendered":"<p>Hem acabat la setmana de la salut amb una GIMCANA ESPORTIVA al parc de la Plana. L&#8217;Esther i la Maria, les mestres d&#8217;Educaci\u00f3 F\u00edsica de l&#8217;escola ens han preparat diferents jocs tradicionals (el mocador, la xarranca, buscar cors, la petanca, memory saludable, les bales i&hellip;  <a href=\"https:\/\/agora.xtec.cat\/esc-laplana\/general\/gimcana-esportiva-al-parc-de-la-plana\/\" title=\"Read GIMCANA ESPORTIVA AL PARC DE LA PLANA!\">Llegeix m\u00e9s\u00bb<\/a><\/p>\n","protected":false},"author":1,"featured_media":0,"comment_status":"open","ping_status":"closed","sticky":false,"template":"","format":"standard","meta":{"_bbp_topic_count":0,"_bbp_reply_count":0,"_bbp_total_topic_count":0,"_bbp_total_reply_count":0,"_bbp_voice_count":0,"_bbp_anonymous_reply_count":0,"_bbp_topic_count_hidden":0,"_bbp_reply_count_hidden":0,"_bbp_forum_subforum_count":0,"footnotes":""},"categories":[1,4],"tags":[],"class_list":["post-2349","post","type-post","status-publish","format-standard","hentry","category-general","category-portada"],"post_mailing_queue_ids":[],"_links":{"self":[{"href":"https:\/\/agora.xtec.cat\/esc-laplana\/wp-json\/wp\/v2\/posts\/2349","targetHints":{"allow":["GET"]}}],"collection":[{"href":"https:\/\/agora.xtec.cat\/esc-laplana\/wp-json\/wp\/v2\/posts"}],"about":[{"href":"https:\/\/agora.xtec.cat\/esc-laplana\/wp-json\/wp\/v2\/types\/post"}],"author":[{"embeddable":true,"href":"https:\/\/agora.xtec.cat\/esc-laplana\/wp-json\/wp\/v2\/users\/1"}],"replies":[{"embeddable":true,"href":"https:\/\/agora.xtec.cat\/esc-laplana\/wp-json\/wp\/v2\/comments?post=2349"}],"version-history":[{"count":1,"href":"https:\/\/agora.xtec.cat\/esc-laplana\/wp-json\/wp\/v2\/posts\/2349\/revisions"}],"predecessor-version":[{"id":2351,"href":"https:\/\/agora.xtec.cat\/esc-laplana\/wp-json\/wp\/v2\/posts\/2349\/revisions\/2351"}],"wp:attachment":[{"href":"https:\/\/agora.xtec.cat\/esc-laplana\/wp-json\/wp\/v2\/media?parent=2349"}],"wp:term":[{"taxonomy":"category","embeddable":true,"href":"https:\/\/agora.xtec.cat\/esc-laplana\/wp-json\/wp\/v2\/categories?post=2349"},{"taxonomy":"post_tag","embeddable":true,"href":"https:\/\/agora.xtec.cat\/esc-laplana\/wp-json\/wp\/v2\/tags?post=2349"}],"curies":[{"name":"wp","href":"https:\/\/api.w.org\/{rel}","templated":true}]}}