{"id":2346,"date":"2025-04-30T20:24:53","date_gmt":"2025-04-30T18:24:53","guid":{"rendered":"https:\/\/agora.xtec.cat\/esc-laplana\/?p=2346"},"modified":"2025-04-30T20:24:53","modified_gmt":"2025-04-30T18:24:53","slug":"ens-visita-laniol-sayos","status":"publish","type":"post","link":"https:\/\/agora.xtec.cat\/esc-laplana\/general\/ens-visita-laniol-sayos\/","title":{"rendered":"ENS VISITA L&#8217;ANIOL SAY\u00d3S!"},"content":{"rendered":"<p style=\"text-align: justify;\">Un dia, quan vam rebre la revista &#8220;CAVALL FORT&#8221; vam llegir un conte titulat &#8220;El cam\u00ed per tornar a casa&#8221; i resulta que l&#8217;Aniol, a part de ser un gran expert en rutes i curses ciclistes, era amic de la Marta, la nostra directora. Vam estar uns dies escoltant la hist\u00f2ria i coneixent els indrets que ens explicava per\u00f2 vol\u00edem con\u00e9ixer-lo i, per aquest motiu, el vam convidar a la nostra escola. Li vam preparar una rebuda de campi\u00f3!<\/p>\n<p>Volem donar les gr\u00e0cies a l&#8217;Aniol que, de manera volunt\u00e0ria, ha organitzat aquesta activitat i que va respondre una a una a totes les preguntes que l&#8217;alumnat de tota l&#8217;escola li havia preparat. Bona ruta!<\/p>\n<p><a href=\"https:\/\/drive.google.com\/drive\/folders\/1QY2W7dwSsRgX-5PGLXY0j4Ovnc8dM3xL?usp=sharing\"><img loading=\"lazy\" decoding=\"async\" class=\"alignnone wp-image-2347\" src=\"https:\/\/agora.xtec.cat\/esc-laplana\/wp-content\/uploads\/usu2664\/2025\/04\/20250429_104848-1-1024x768.jpeg\" alt=\"\" width=\"662\" height=\"496\" srcset=\"https:\/\/agora.xtec.cat\/esc-laplana\/wp-content\/uploads\/usu2664\/2025\/04\/20250429_104848-1-1024x768.jpeg 1024w, https:\/\/agora.xtec.cat\/esc-laplana\/wp-content\/uploads\/usu2664\/2025\/04\/20250429_104848-1-300x225.jpeg 300w, https:\/\/agora.xtec.cat\/esc-laplana\/wp-content\/uploads\/usu2664\/2025\/04\/20250429_104848-1-768x576.jpeg 768w, https:\/\/agora.xtec.cat\/esc-laplana\/wp-content\/uploads\/usu2664\/2025\/04\/20250429_104848-1-1536x1152.jpeg 1536w, https:\/\/agora.xtec.cat\/esc-laplana\/wp-content\/uploads\/usu2664\/2025\/04\/20250429_104848-1-2048x1536.jpeg 2048w, https:\/\/agora.xtec.cat\/esc-laplana\/wp-content\/uploads\/usu2664\/2025\/04\/20250429_104848-1-200x150.jpeg 200w\" sizes=\"auto, (max-width: 662px) 100vw, 662px\" \/><\/a><\/p>\n<p><strong>(Si voleu veure m\u00e9s imatges feu &#8220;clic&#8221; a sobre de la fotografia)<\/strong><\/p>\n","protected":false},"excerpt":{"rendered":"<p>Un dia, quan vam rebre la revista &#8220;CAVALL FORT&#8221; vam llegir un conte titulat &#8220;El cam\u00ed per tornar a casa&#8221; i resulta que l&#8217;Aniol, a part de ser un gran expert en rutes i curses ciclistes, era amic de la Marta, la nostra directora. Vam&hellip;  <a href=\"https:\/\/agora.xtec.cat\/esc-laplana\/general\/ens-visita-laniol-sayos\/\" title=\"Read ENS VISITA L&#8217;ANIOL SAY\u00d3S!\">Llegeix m\u00e9s\u00bb<\/a><\/p>\n","protected":false},"author":1,"featured_media":0,"comment_status":"open","ping_status":"closed","sticky":false,"template":"","format":"standard","meta":{"_bbp_topic_count":0,"_bbp_reply_count":0,"_bbp_total_topic_count":0,"_bbp_total_reply_count":0,"_bbp_voice_count":0,"_bbp_anonymous_reply_count":0,"_bbp_topic_count_hidden":0,"_bbp_reply_count_hidden":0,"_bbp_forum_subforum_count":0,"footnotes":""},"categories":[1,4],"tags":[],"class_list":["post-2346","post","type-post","status-publish","format-standard","hentry","category-general","category-portada"],"post_mailing_queue_ids":[],"_links":{"self":[{"href":"https:\/\/agora.xtec.cat\/esc-laplana\/wp-json\/wp\/v2\/posts\/2346","targetHints":{"allow":["GET"]}}],"collection":[{"href":"https:\/\/agora.xtec.cat\/esc-laplana\/wp-json\/wp\/v2\/posts"}],"about":[{"href":"https:\/\/agora.xtec.cat\/esc-laplana\/wp-json\/wp\/v2\/types\/post"}],"author":[{"embeddable":true,"href":"https:\/\/agora.xtec.cat\/esc-laplana\/wp-json\/wp\/v2\/users\/1"}],"replies":[{"embeddable":true,"href":"https:\/\/agora.xtec.cat\/esc-laplana\/wp-json\/wp\/v2\/comments?post=2346"}],"version-history":[{"count":1,"href":"https:\/\/agora.xtec.cat\/esc-laplana\/wp-json\/wp\/v2\/posts\/2346\/revisions"}],"predecessor-version":[{"id":2348,"href":"https:\/\/agora.xtec.cat\/esc-laplana\/wp-json\/wp\/v2\/posts\/2346\/revisions\/2348"}],"wp:attachment":[{"href":"https:\/\/agora.xtec.cat\/esc-laplana\/wp-json\/wp\/v2\/media?parent=2346"}],"wp:term":[{"taxonomy":"category","embeddable":true,"href":"https:\/\/agora.xtec.cat\/esc-laplana\/wp-json\/wp\/v2\/categories?post=2346"},{"taxonomy":"post_tag","embeddable":true,"href":"https:\/\/agora.xtec.cat\/esc-laplana\/wp-json\/wp\/v2\/tags?post=2346"}],"curies":[{"name":"wp","href":"https:\/\/api.w.org\/{rel}","templated":true}]}}